{"id":91,"date":"2007-01-25T14:40:10","date_gmt":"2007-01-25T13:40:10","guid":{"rendered":"http:\/\/www.die-ritters.de\/blog\/?p=91"},"modified":"2008-04-23T14:42:54","modified_gmt":"2008-04-23T12:42:54","slug":"olympus-sp-550-uz-fehlt-nur-noch-der-motivkuckuck","status":"publish","type":"post","link":"https:\/\/www.die-ritters.de\/blog\/olympus-sp-550-uz-fehlt-nur-noch-der-motivkuckuck.sturkopf","title":{"rendered":"Olympus SP-550 UZ &#8211; fehlt nur noch der Motivkuckuck!"},"content":{"rendered":"<p><strong>Wir haben sie, die eierlegende Wollmilchsau! Endlich hat sich mal ein Hersteller erbarmt und unserer Geiz-ist-geil-Gesellschaft ein Kamera beschert, die alles hat!<\/strong><\/p>\n<p>Laut <a title=\"Link zum Beitrag bei golem.de\" href=\"http:\/\/www.golem.de\/0701\/50164.html\" target=\"_blank\">Golem.de<\/a> soll sie im Februar auf den Markt kommen und mit einem Objektiv ausgestattet sein, das mit 28 &#8211; 504 mm (KB) dem deutschen Sparschwein und Schn\u00e4ppchenj\u00e4ger f\u00fcr knapp 500 Euro alles bietet, was sein Herz begehrt. Sogar ISO 5000!!! soll sie k\u00f6nnen k\u00f6nnen.<\/p>\n<p>Ich bin begeistert und voll froher Erwartung ob der Abbildungsleistung der Optik und der Rauscharmut bei 5000 ISO. Ich vermisse nur noch den Motiv-Kuckuck, der immer dann piepst und eine rote Leutchtdiode blinken l\u00e4sst, wenn eine sch\u00f6ne Frau, nat\u00fcrlich m\u00f6glichst nackt, oder sonst ein besonders lohnenswertes Motiv vor die Linse kommt. Aber was nicht ist, kann ja noch werden. Warten wir mal ab.<\/p>\n","protected":false},"excerpt":{"rendered":"<p>Wir haben sie, die eierlegende Wollmilchsau! Endlich hat sich mal ein Hersteller erbarmt und unserer Geiz-ist-geil-Gesellschaft ein Kamera beschert, die alles hat! Laut Golem.de soll sie im Februar auf den Markt kommen und mit einem Objektiv ausgestattet sein, das mit &hellip; <a href=\"https:\/\/www.die-ritters.de\/blog\/olympus-sp-550-uz-fehlt-nur-noch-der-motivkuckuck.sturkopf\">Weiterlesen <span class=\"meta-nav\">&rarr;<\/span><\/a><\/p>\n","protected":false},"author":3,"featured_media":0,"comment_status":"open","ping_status":"open","sticky":false,"template":"","format":"standard","meta":{"footnotes":""},"categories":[2],"tags":[20],"class_list":["post-91","post","type-post","status-publish","format-standard","hentry","category-gedanken","tag-digitalkamera"],"_links":{"self":[{"href":"https:\/\/www.die-ritters.de\/blog\/wp-json\/wp\/v2\/posts\/91","targetHints":{"allow":["GET"]}}],"collection":[{"href":"https:\/\/www.die-ritters.de\/blog\/wp-json\/wp\/v2\/posts"}],"about":[{"href":"https:\/\/www.die-ritters.de\/blog\/wp-json\/wp\/v2\/types\/post"}],"author":[{"embeddable":true,"href":"https:\/\/www.die-ritters.de\/blog\/wp-json\/wp\/v2\/users\/3"}],"replies":[{"embeddable":true,"href":"https:\/\/www.die-ritters.de\/blog\/wp-json\/wp\/v2\/comments?post=91"}],"version-history":[{"count":0,"href":"https:\/\/www.die-ritters.de\/blog\/wp-json\/wp\/v2\/posts\/91\/revisions"}],"wp:attachment":[{"href":"https:\/\/www.die-ritters.de\/blog\/wp-json\/wp\/v2\/media?parent=91"}],"wp:term":[{"taxonomy":"category","embeddable":true,"href":"https:\/\/www.die-ritters.de\/blog\/wp-json\/wp\/v2\/categories?post=91"},{"taxonomy":"post_tag","embeddable":true,"href":"https:\/\/www.die-ritters.de\/blog\/wp-json\/wp\/v2\/tags?post=91"}],"curies":[{"name":"wp","href":"https:\/\/api.w.org\/{rel}","templated":true}]}}