{"id":896,"date":"2010-01-17T23:25:47","date_gmt":"2010-01-17T22:25:47","guid":{"rendered":"http:\/\/www.die-ritters.de\/blog\/willy-astor-und-fast-alle-freunde.sturkopf"},"modified":"2010-01-22T14:11:25","modified_gmt":"2010-01-22T13:11:25","slug":"willy-astor-und-fast-alle-freunde","status":"publish","type":"post","link":"https:\/\/www.die-ritters.de\/blog\/willy-astor-und-fast-alle-freunde.sturkopf","title":{"rendered":"Willy Astor und (fast alle) Freunde"},"content":{"rendered":"<p><strong>waren heute abend mit einem Konzert in Biberach in der Stadthalle zu Gast und spielten das aktuelle Programm &#8222;Sound of Island&#8220;. Vielen Dank an meine Kinder und Elli, die mir die Karte zum Geburtstag geschenkt hatten. Und danke Steffi, f\u00fcr die Begleitung! Ihr habt mir eine gro\u00dfe Freude gemacht.<\/strong><\/p>\n<p align=\"center\"><img loading=\"lazy\" decoding=\"async\" height=\"306\" alt=\"astor1\" src=\"https:\/\/www.die-ritters.de\/blog\/wp-content\/uploads\/astor1.jpg\" width=\"452\" \/><\/p>\n<p>Und vielen Dank nat\u00fcrlich an Willy Astor und diese Freunde, die ihn begleiteten: links Martin K\u00e4lberer, rechts Titus Vollmer. Leider war Kiko Pedrozo, der Harfenist, vor 3 Tagen pl\u00f6tzlich erkrankt und liegt derzeit in Lindau im Krankenhaus. Deshalb gab&#8217;s von Kiko in Biberach diesmal nur seine Harfe:<\/p>\n<p align=\"center\"><img loading=\"lazy\" decoding=\"async\" height=\"452\" alt=\"astor3\" src=\"https:\/\/www.die-ritters.de\/blog\/wp-content\/uploads\/astor3.jpg\" width=\"306\" \/><\/p>\n<p>Schade, da\u00df er fehlte. Gute Besserung in die Klinik nach Lindau auch von mir. Wenn er auf der Sommer-Tour wieder dabei ist, werde ich einfach nochmal hin gehen.<\/p>\n<p><!--more--><\/p>\n<p>Der Rest ist schnell gesagt: 3 geniale Musiker, akustische, handwerklich perfekt gemachte Musik, die ich sehr mag, 3 beeindruckend sympathische Menschen, mit denen ich in der Pause auch ein paar Worte wechseln konnte. Ein rundum gelungener, sch\u00f6ner, entspannender Abend durch den Willy Astor auf lockere, spa\u00dfige Weise f\u00fchrte.<\/p>\n<p align=\"center\"><img loading=\"lazy\" decoding=\"async\" height=\"306\" alt=\"astor6\" src=\"https:\/\/www.die-ritters.de\/blog\/wp-content\/uploads\/astor6.jpg\" width=\"452\" \/><\/p>\n<p align=\"center\"><img loading=\"lazy\" decoding=\"async\" height=\"452\" alt=\"astor5\" src=\"https:\/\/www.die-ritters.de\/blog\/wp-content\/uploads\/astor5.jpg\" width=\"342\" \/><\/p>\n<p align=\"center\"><img loading=\"lazy\" decoding=\"async\" height=\"343\" alt=\"astor4\" src=\"https:\/\/www.die-ritters.de\/blog\/wp-content\/uploads\/astor4.jpg\" width=\"452\" \/><\/p>\n<p>Nur die drei Besucher in der Reihe hinter mir waren entt\u00e4uscht. Sie hatten ernsthaft Comedy erwartet und wohl wirklich nicht gewu\u00dft, das &#8222;Sound of Island&#8220; Willy Astors Musikprogramm ist, ein Metier \u00fcbrigens, das er genau so gut beherrscht, wie seine Comedy-Auftritte.<\/p>\n<p>Weil Kiko Pedrozo und mit ihm nat\u00fcrlich ein wesentlicher musikalischer Part gefehlt hat, kann ich nur<\/p>\n<p>KUNIS: <img decoding=\"async\" alt=\"\" hspace=\"0\" src=\"https:\/\/www.die-ritters.de\/blog\/kuni.gif\" align=\"baseline\" border=\"0\" \/><img decoding=\"async\" alt=\"\" hspace=\"0\" src=\"https:\/\/www.die-ritters.de\/blog\/kuni.gif\" align=\"baseline\" border=\"0\" \/><img decoding=\"async\" alt=\"\" hspace=\"0\" src=\"https:\/\/www.die-ritters.de\/blog\/kuni.gif\" align=\"baseline\" border=\"0\" \/><img decoding=\"async\" alt=\"\" hspace=\"0\" src=\"https:\/\/www.die-ritters.de\/blog\/kuni.gif\" align=\"baseline\" border=\"0\" \/><img decoding=\"async\" alt=\"\" hspace=\"0\" src=\"https:\/\/www.die-ritters.de\/blog\/kunihalb.gif\" align=\"baseline\" border=\"0\" \/> von 5 vergeben. Ich hab Lust auf mehr bekommen. Vielleicht geht sich&#8217;s ja im Sommer mit einem Open-Air-Konzert in Benediktbeuren aus. Mal sehen!<\/p>\n","protected":false},"excerpt":{"rendered":"<p>waren heute abend mit einem Konzert in Biberach in der Stadthalle zu Gast und spielten das aktuelle Programm &#8222;Sound of Island&#8220;. Vielen Dank an meine Kinder und Elli, die mir die Karte zum Geburtstag geschenkt hatten. Und danke Steffi, f\u00fcr &hellip; <a href=\"https:\/\/www.die-ritters.de\/blog\/willy-astor-und-fast-alle-freunde.sturkopf\">Weiterlesen <span class=\"meta-nav\">&rarr;<\/span><\/a><\/p>\n","protected":false},"author":3,"featured_media":0,"comment_status":"open","ping_status":"open","sticky":false,"template":"","format":"standard","meta":{"footnotes":""},"categories":[1],"tags":[246,245,247,202,243,244,242],"class_list":["post-896","post","type-post","status-publish","format-standard","hentry","category-allgemein","tag-gitarre","tag-kiko-pedrozo","tag-klavier","tag-konzert","tag-martin-kaelberer","tag-titus-vollmer","tag-willy-astor"],"_links":{"self":[{"href":"https:\/\/www.die-ritters.de\/blog\/wp-json\/wp\/v2\/posts\/896","targetHints":{"allow":["GET"]}}],"collection":[{"href":"https:\/\/www.die-ritters.de\/blog\/wp-json\/wp\/v2\/posts"}],"about":[{"href":"https:\/\/www.die-ritters.de\/blog\/wp-json\/wp\/v2\/types\/post"}],"author":[{"embeddable":true,"href":"https:\/\/www.die-ritters.de\/blog\/wp-json\/wp\/v2\/users\/3"}],"replies":[{"embeddable":true,"href":"https:\/\/www.die-ritters.de\/blog\/wp-json\/wp\/v2\/comments?post=896"}],"version-history":[{"count":6,"href":"https:\/\/www.die-ritters.de\/blog\/wp-json\/wp\/v2\/posts\/896\/revisions"}],"predecessor-version":[{"id":902,"href":"https:\/\/www.die-ritters.de\/blog\/wp-json\/wp\/v2\/posts\/896\/revisions\/902"}],"wp:attachment":[{"href":"https:\/\/www.die-ritters.de\/blog\/wp-json\/wp\/v2\/media?parent=896"}],"wp:term":[{"taxonomy":"category","embeddable":true,"href":"https:\/\/www.die-ritters.de\/blog\/wp-json\/wp\/v2\/categories?post=896"},{"taxonomy":"post_tag","embeddable":true,"href":"https:\/\/www.die-ritters.de\/blog\/wp-json\/wp\/v2\/tags?post=896"}],"curies":[{"name":"wp","href":"https:\/\/api.w.org\/{rel}","templated":true}]}}