{"id":842,"date":"2009-09-11T21:03:08","date_gmt":"2009-09-11T19:03:08","guid":{"rendered":"http:\/\/www.die-ritters.de\/blog\/totalcommander-7-50-u3-version-mit-fixfoto-u3-version.sturkopf"},"modified":"2009-09-11T21:08:28","modified_gmt":"2009-09-11T19:08:28","slug":"totalcommander-7-50-u3-version-mit-fixfoto-u3-version","status":"publish","type":"post","link":"https:\/\/www.die-ritters.de\/blog\/totalcommander-7-50-u3-version-mit-fixfoto-u3-version.sturkopf","title":{"rendered":"TotalCommander 7.50 U3-Version mit FixFoto U3-Version"},"content":{"rendered":"<p><strong>Mit dem TotalCommander 7.5 ist den Ghislers ein gro\u00dfer Wurf gelungen. Viele neue Funktionen machen das Arbeiten mit diesem Programm noch einfacher und bequemer. Genau so verh\u00e4lt es sich mit Joachim Koopmanns neuem FixFoto 3.0<\/strong><\/p>\n<p>Das Starten von Anwendungen \u00fcber ein Icon in der Buttonbar des TotalCommander gibt&#8217;s ja schon lange. Nun k\u00f6nnen in der Version 7.5 auch interne Verkn\u00fcpfungen angelegt werden, die daf\u00fcr sorgen, da\u00df auch vom portablen TC Dateien mit der passenden Anwendung aufgerufen werden k\u00f6nnen.<\/p>\n<p>Diese M\u00f6glichkeiten wollte ich mir mit meiner U3-Version von TotalCommander zunutze machen und meine U3-Version von FixFoto mit der passenden Bilddatei automatisch starten. Weil dieser ganze U3-Klumpatsch aber etwas un\u00fcbersichtlich ist, <a title=\"Vom U3-TotalCommander FixFoto-U3 mit Bilddatei auch auf fremden Gastrechnern starten\" href=\"http:\/\/fixfoto.datenschatulle.de\/im-totalcommander-dateien-mit-fixfoto-u3-verknuepfen.fixfoto\" target=\"_blank\">habe ich einen kleinen Leitfaden geschrieben<\/a>, der zeigt, wie U3 funktioniert und wie die passenden Programme auch auf Gastrechnern gestartet und verkn\u00fcpft werden k\u00f6nnen, von denen keine genauen Einstellungen und Ordnerstrukturen bekannt sind.<\/p>\n<p>Jetzt kann ich \u00fcber meinen U3-TotalCommander mein U3-FixFoto mit verkn\u00fcpften Bilddateien und \u00fcber das Icon in der Buttonbar automatisch starten und die Bilddatei gleich in die Bearbeitung laden.<\/p>\n","protected":false},"excerpt":{"rendered":"<p>Mit dem TotalCommander 7.5 ist den Ghislers ein gro\u00dfer Wurf gelungen. Viele neue Funktionen machen das Arbeiten mit diesem Programm noch einfacher und bequemer. Genau so verh\u00e4lt es sich mit Joachim Koopmanns neuem FixFoto 3.0 Das Starten von Anwendungen \u00fcber &hellip; <a href=\"https:\/\/www.die-ritters.de\/blog\/totalcommander-7-50-u3-version-mit-fixfoto-u3-version.sturkopf\">Weiterlesen <span class=\"meta-nav\">&rarr;<\/span><\/a><\/p>\n","protected":false},"author":3,"featured_media":0,"comment_status":"open","ping_status":"open","sticky":false,"template":"","format":"standard","meta":{"footnotes":""},"categories":[5],"tags":[221,220,17,138,222,223,219],"class_list":["post-842","post","type-post","status-publish","format-standard","hentry","category-tippsundfaqs","tag-3-0","tag-7-50","tag-fixfoto","tag-totalcommander","tag-u3","tag-u3-stick","tag-verknuepfung"],"_links":{"self":[{"href":"https:\/\/www.die-ritters.de\/blog\/wp-json\/wp\/v2\/posts\/842","targetHints":{"allow":["GET"]}}],"collection":[{"href":"https:\/\/www.die-ritters.de\/blog\/wp-json\/wp\/v2\/posts"}],"about":[{"href":"https:\/\/www.die-ritters.de\/blog\/wp-json\/wp\/v2\/types\/post"}],"author":[{"embeddable":true,"href":"https:\/\/www.die-ritters.de\/blog\/wp-json\/wp\/v2\/users\/3"}],"replies":[{"embeddable":true,"href":"https:\/\/www.die-ritters.de\/blog\/wp-json\/wp\/v2\/comments?post=842"}],"version-history":[{"count":2,"href":"https:\/\/www.die-ritters.de\/blog\/wp-json\/wp\/v2\/posts\/842\/revisions"}],"predecessor-version":[{"id":843,"href":"https:\/\/www.die-ritters.de\/blog\/wp-json\/wp\/v2\/posts\/842\/revisions\/843"}],"wp:attachment":[{"href":"https:\/\/www.die-ritters.de\/blog\/wp-json\/wp\/v2\/media?parent=842"}],"wp:term":[{"taxonomy":"category","embeddable":true,"href":"https:\/\/www.die-ritters.de\/blog\/wp-json\/wp\/v2\/categories?post=842"},{"taxonomy":"post_tag","embeddable":true,"href":"https:\/\/www.die-ritters.de\/blog\/wp-json\/wp\/v2\/tags?post=842"}],"curies":[{"name":"wp","href":"https:\/\/api.w.org\/{rel}","templated":true}]}}