{"id":788,"date":"2009-05-29T00:19:40","date_gmt":"2009-05-28T22:19:40","guid":{"rendered":"http:\/\/www.die-ritters.de\/blog\/fotobuch-ein-erfahrungsbericht-teil-4.sturkopf"},"modified":"2009-06-05T16:04:12","modified_gmt":"2009-06-05T14:04:12","slug":"cewe_color-fotobuch-ein-erfahrungsbericht-teil-4","status":"publish","type":"post","link":"https:\/\/www.die-ritters.de\/blog\/cewe_color-fotobuch-ein-erfahrungsbericht-teil-4.sturkopf","title":{"rendered":"Fotobuch &#8211; ein Erfahrungsbericht &#8211; Teil 4"},"content":{"rendered":"<p><strong>Am 22. Mai habe ich nochmal nachgelegt und auch ein <a title=\"zu Cewe\" href=\"http:\/\/www.cewe-fotobuch.de\" target=\"_blank\">CeWe-Fotobuch<\/a> bestellt, um den vermutlichen Marktf\u00fchrer (zumindest in der Menge der produzierten B\u00fccher) mit in den Test einzubeziehen.<\/strong><\/p>\n<p>Das CeWe-Fotobuch kann, so hatte es mir der Fotoh\u00e4ndler meines Vertrauens erz\u00e4hlt, zur Abholung beim Fotoh\u00e4ndler bestellt werden. Also, Software f\u00fcr die Gestaltung runter laden, bestellen und beim Fotoh\u00e4ndler abholen, hatte ich mir gedacht.<\/p>\n<p align=\"center\"><img loading=\"lazy\" decoding=\"async\" height=\"343\" alt=\"cewetitel\" src=\"https:\/\/www.die-ritters.de\/blog\/wp-content\/uploads\/cewetitel.jpg\" width=\"452\" \/><\/p>\n<p>Pustekuchen. Was mir gleich (ist nat\u00fcrlich meine subjektive Meinung) negativ auffiel, war die Tatsache, da\u00df der Download-Link f\u00fcr meinen Fotoh\u00e4ndler, weil in einem Untermen\u00fctab befindlich und ziemlich versteckt, erst m\u00fchevoll gesucht werden mu\u00df. Da\u00df man von den Logos diverser Bl\u00f6dm\u00e4rkt schier erschlagen wird, scheint Kalk\u00fcl zu sein. All zu viel scheint CeWe am Fachhandel wohl nicht mehr zu liegen.<\/p>\n<p>Aber gut, ich habe gesucht und letzten Endes meinen H\u00e4ndler auch gefunden. Die Software habe ich runter geladen, installiert und das Buch soweit gestaltet.<\/p>\n<p><strong><font color=\"maroon\">Erg\u00e4nzungen zum CeWe-Fotobuch:<\/font><\/strong><\/p>\n<p><font color=\"maroon\">Nach einer Woche kam das Buch gestern dann bei meinem H\u00e4ndler an. Er hat es eingepackt und mir per Post zukommen lassen. Der erste Eindruck ist nicht ganz schlecht, allerdings ist mir gleich zu Anfang negativ aufgefallen, da\u00df die Art der Bindung kein gutes \u00c3\u2013ffnen erlaubt.<\/font><\/p>\n<p><font color=\"maroon\">Aber der Reihe nach&#8230;<\/font><\/p>\n<p><!--more--><\/p>\n<p>Die Software f\u00e4llt meiner Meinung nach ein wenig ab, wenn man sie mit Pixelspeed oder Fotobuch.de vergleicht. Ein wenig &#8222;klicki-bunti&#8220; aber immerhin so gut, da\u00df es mir gelang, das Buch aus vorgefertigten Doppelseiten ordnungsgem\u00e4\u00df zusammenzusetzen.<\/p>\n<p>Minuspunkt: Die Software erlaubt kein Hochladen zu CeWe, wie man vielleicht vermuten w\u00fcrde. Nein, es mu\u00df eine CD gebrannt und beim Fotoh\u00e4ndler abgegeben werden. Ich hab&#8217;s zwar nicht probiert, bin mir aber ziemlich sicher, da\u00df ein Hochladen online bei den diversen M\u00e4rkten und Discounter m\u00f6glich sein wird. Nein, ich probier&#8217;s nicht! Vielleicht kann der eine oder andere Leser Best\u00e4tigung geben oder mich eines Besseren belehren.<\/p>\n<p>Jedenfalls habe ich daraufhin ein ISO gespeichert, es meinem H\u00e4ndler online \u00fcbertragen. Der hat am 22. Mai eine CD daraus gemacht und das Buch an diesem Tag bei CeWe bestellt.<\/p>\n<ul>\n<li>\n<div>Software zum Erstellen: Soweit in Ordnung. Nach einigen Anl\u00e4ufen, Platzhalter in optimaler Gr\u00f6\u00dfe f\u00fcr die Doppelseiten zu erzeugen, hat die Erstellung dann doch ganz gut geklappt<\/div>\n<\/li>\n<li>\n<div>Hochladen: Geht nicht. Es mu\u00df eine CD erstellt und abgegeben werden.<br \/>\nGesamtgr\u00f6\u00dfe aller hochzuladenden Dateien: ca. 65 MB (die kleinste Dateigr\u00f6\u00dfe aller Anbieter, was den Schlu\u00df nahelegt, da\u00df die Qualit\u00e4t der Dateien wohl nicht so \u00fcberragend sein kann. Schaumermal!<\/div>\n<\/li>\n<li>\n<div>Zahlung: beim Fotoh\u00e4ndler bei Abholung.<\/div>\n<\/li>\n<li>\n<div>Preis: f\u00fcr 66 Seiten \u20ac 46,95 zuz\u00fcglich 1.99 Auftrags- und Portopauschale (Daf\u00fcr, da\u00df ich zum H\u00e4ndler zum Abholen fahre, finde ich das fragw\u00fcrdig.)<\/div>\n<\/li>\n<li>\n<div><font color=\"maroon\">Bindequalit\u00e4t: Klebebindung, die sich leider sehr schlecht \u00f6ffnen l\u00e4sst, was bei meinen doppelseitigen Bilder nicht gut kommt. (Siehe Bild am Beitragsanfang) Ungenauer Beschnitt f\u00fchrt bei ganzseitigen Bildern unten zu einem wei\u00dfen Rand.<\/font><\/div>\n<\/li>\n<li>\n<div><font color=\"maroon\">Druckqualit\u00e4t: Auf den allerersten Blick in Ordnung. Fehlt der unmittelbare Vergleich, wird man auch hier erst mal zufrieden sein. Das Druckbild zeigt aber, vor allem an glatten Kanten mit hohem Kontrast nicht unerheblich Sch\u00e4rfungsartefakte. Zudem bleibt der Eindruck, da\u00df die Bildqualit\u00e4t aufgrund der recht hohen Komprimierrate zus\u00e4tzlich etwas leidet.<\/font><\/div>\n<\/li>\n<\/ul>\n<p><font color=\"maroon\">Schriften stehen durch die starke Sch\u00e4rfung von allen drei gedruckten Exemplaren bei CeWe am besten frei. Die Druckqualit\u00e4t bei den Bildern ist aus diesem Grund eher mittelm\u00e4\u00dfig.<\/font><\/p>\n<p><font color=\"maroon\">Zudem ist die Bindemaschine bei meinem Buch wohl beim Schneiden des Innenteils um einige Millimeter verrutscht, was einen ca. 1-2mm breiten wei\u00dfen Rand am unteren Ende der ganz- und doppelseitigen Bildern verursacht hat. H\u00e4tte ich das Buch bezahlen m\u00fcssen, h\u00e4tte ich es reklamiert.<\/font><\/p>\n<p><font color=\"maroon\">Eine f\u00fcr mich absolute Unversch\u00e4mtheit ist die Tatsache, da\u00df sich CeWe Color auf der letzten Innenseite unten gleich mit mehreren Logos r\u00fccksichtslos breit macht. F\u00fcr diese Werbefl\u00e4che m\u00fc\u00dfte meiner Ansicht nach das Buch eigentlich kostenlos sein. <strong>Ich<\/strong> habe das Buch gestaltet und gesetzt, es ist <strong>mein<\/strong> Buch, da hat CeWe sich rauszuhalten.<\/font><\/p>\n<p align=\"center\"><img loading=\"lazy\" decoding=\"async\" height=\"84\" alt=\"logo\" src=\"https:\/\/www.die-ritters.de\/blog\/wp-content\/uploads\/logo.jpg\" width=\"452\" \/><\/p>\n<p><font color=\"maroon\">mit fast 11 cm Breite springen einen die Logos f\u00f6rmlich an und nehmen etwa die H\u00e4lfte der gesamten Seitenbreite ein.<\/font><\/p>\n<p><font color=\"maroon\"><strong>Allein das ist f\u00fcr mich ein absolutes KO-Kriterium.<\/strong><\/font><\/p>\n","protected":false},"excerpt":{"rendered":"<p>Am 22. Mai habe ich nochmal nachgelegt und auch ein CeWe-Fotobuch bestellt, um den vermutlichen Marktf\u00fchrer (zumindest in der Menge der produzierten B\u00fccher) mit in den Test einzubeziehen. Das CeWe-Fotobuch kann, so hatte es mir der Fotoh\u00e4ndler meines Vertrauens erz\u00e4hlt, &hellip; <a href=\"https:\/\/www.die-ritters.de\/blog\/cewe_color-fotobuch-ein-erfahrungsbericht-teil-4.sturkopf\">Weiterlesen <span class=\"meta-nav\">&rarr;<\/span><\/a><\/p>\n","protected":false},"author":3,"featured_media":0,"comment_status":"open","ping_status":"open","sticky":false,"template":"","format":"standard","meta":{"footnotes":""},"categories":[4],"tags":[204,213,205,208,215,21,71,214],"class_list":["post-788","post","type-post","status-publish","format-standard","hentry","category-angetestet","tag-belichter","tag-cewe-color","tag-fotobuch","tag-pixelspeed","tag-qualitaet","tag-software","tag-test","tag-vergleich"],"_links":{"self":[{"href":"https:\/\/www.die-ritters.de\/blog\/wp-json\/wp\/v2\/posts\/788","targetHints":{"allow":["GET"]}}],"collection":[{"href":"https:\/\/www.die-ritters.de\/blog\/wp-json\/wp\/v2\/posts"}],"about":[{"href":"https:\/\/www.die-ritters.de\/blog\/wp-json\/wp\/v2\/types\/post"}],"author":[{"embeddable":true,"href":"https:\/\/www.die-ritters.de\/blog\/wp-json\/wp\/v2\/users\/3"}],"replies":[{"embeddable":true,"href":"https:\/\/www.die-ritters.de\/blog\/wp-json\/wp\/v2\/comments?post=788"}],"version-history":[{"count":0,"href":"https:\/\/www.die-ritters.de\/blog\/wp-json\/wp\/v2\/posts\/788\/revisions"}],"wp:attachment":[{"href":"https:\/\/www.die-ritters.de\/blog\/wp-json\/wp\/v2\/media?parent=788"}],"wp:term":[{"taxonomy":"category","embeddable":true,"href":"https:\/\/www.die-ritters.de\/blog\/wp-json\/wp\/v2\/categories?post=788"},{"taxonomy":"post_tag","embeddable":true,"href":"https:\/\/www.die-ritters.de\/blog\/wp-json\/wp\/v2\/tags?post=788"}],"curies":[{"name":"wp","href":"https:\/\/api.w.org\/{rel}","templated":true}]}}