{"id":785,"date":"2009-05-24T19:48:28","date_gmt":"2009-05-24T17:48:28","guid":{"rendered":"http:\/\/www.die-ritters.de\/blog\/glanzlichter-naturfototage-2009-in-fuerstenfeldbruck.sturkopf"},"modified":"2009-05-26T12:46:21","modified_gmt":"2009-05-26T10:46:21","slug":"glanzlichter-naturfototage-2009-in-fuerstenfeldbruck","status":"publish","type":"post","link":"https:\/\/www.die-ritters.de\/blog\/glanzlichter-naturfototage-2009-in-fuerstenfeldbruck.sturkopf","title":{"rendered":"Glanzlichter Naturfototage 2009 in F\u00fcrstenfeldbruck"},"content":{"rendered":"<p>Zum mittlerweile 11. Mal fanden dieses Wochenende, bei Kaiserwetter, die Naturfototage auf dem Areal des Klosters F\u00fcrstenfeld in F\u00fcrstenfeldbruck statt.<\/p>\n<p align=\"center\"><img loading=\"lazy\" decoding=\"async\" height=\"343\" alt=\"titel\" src=\"https:\/\/www.die-ritters.de\/blog\/wp-content\/uploads\/titel-4.jpg\" width=\"452\" \/><\/p>\n<p>Parallel zu den Bilderausstellungen und Vortr\u00e4gen fand auch in diesem Jahr wieder eine, wie man sieht sehr gut besuchte, Messe statt, auf der sich viele Aussteller aus der Industrie und dem Fotohandel tummelten.<\/p>\n<p><!--more--><\/p>\n<p>&lt;insidermodus&gt;<br \/>\nNeben diversen Blitzadaptern und teuren Objektiven gab es auch jede Menge B\u00fccher zu kaufen.<br \/>\n&lt;\/insidermodus&gt;<\/p>\n<p align=\"center\"><img loading=\"lazy\" decoding=\"async\" height=\"343\" alt=\"st-01\" src=\"https:\/\/www.die-ritters.de\/blog\/wp-content\/uploads\/st-01.jpg\" width=\"452\" \/><\/p>\n<p>Auf dem Freigel\u00e4nde tummelten sich Tester und nutzten die Gelegenheit, die teuren Dinger anhand der rumsitzenden V\u00f6gel mal auszuprobieren. Mehrmals am Tag fand auch eine Greifvogelschau statt. Uwe und mich haben aber auch die sch\u00f6ne Anlage des Klosters F\u00fcrstenfeld begeistert.<\/p>\n<p align=\"center\"><img loading=\"lazy\" decoding=\"async\" height=\"452\" alt=\"st-02\" src=\"https:\/\/www.die-ritters.de\/blog\/wp-content\/uploads\/st-02.jpg\" width=\"343\" \/><\/p>\n<p align=\"center\"><img loading=\"lazy\" decoding=\"async\" height=\"343\" alt=\"st-03\" src=\"https:\/\/www.die-ritters.de\/blog\/wp-content\/uploads\/st-03.jpg\" width=\"452\" \/><\/p>\n<p>Sch\u00f6n schw\u00fclstig ist der Innenbereich der Kirche gehalten. Stuck und Fresken erschlagen einen fast. (W\u00e4ren wir auch beinahe von einem dattergreisigen Wadlbei\u00dfer, der w\u00e4hrend einer Trauung als Aufpasser rumgemault hat).<\/p>\n<p>Deshalb haben wir uns dann nach Sankt-Nebenkirch verzogen, es uns gem\u00fctlich gemacht und ein K\u00e4ffchen und diverse Erdbeeren mit Eis vernichtet.<\/p>\n<p align=\"center\"><img loading=\"lazy\" decoding=\"async\" height=\"452\" alt=\"st-04\" src=\"https:\/\/www.die-ritters.de\/blog\/wp-content\/uploads\/st-04.jpg\" width=\"343\" \/><\/p>\n<p align=\"center\"><img loading=\"lazy\" decoding=\"async\" height=\"452\" alt=\"st-05\" src=\"https:\/\/www.die-ritters.de\/blog\/wp-content\/uploads\/st-05.jpg\" width=\"343\" \/><\/p>\n<p>Am Sp\u00e4tnachmittag haben wir dann, nachdem Uwes 20D gecheckt und gecleant war, den Heimweg angetreten. Nat\u00fcrlich nicht ohne auf dem Weg zum Auto die sch\u00f6ne Klosteranlage nochmal fotografiert zu haben.<\/p>\n<p align=\"center\"><img loading=\"lazy\" decoding=\"async\" height=\"343\" alt=\"st-06\" src=\"https:\/\/www.die-ritters.de\/blog\/wp-content\/uploads\/st-06.jpg\" width=\"452\" \/><\/p>\n<p>&nbsp;<\/p>\n<p>In Fellheim haben wir dann noch im <a title=\"Gutes Essen und ein sch\u00f6ner Biergarten laden zum Verweilen ein.\" href=\"http:\/\/www.landgasthof-zum-adler.de\/\" target=\"_blank\">Landgasthof Adler<\/a> Zwischenstation gemacht und neben einem wunderbaren B\u00e4rlauchchremes\u00fcpple auch noch diverse &#8222;Muhs&#8220; und Panna Cottas vernichtet. Insgesamt war&#8217;s ein sch\u00f6ner Samstag und der Besuch in F\u00fcrstenfeldbruck hat sich, offensichtlich auch f\u00fcr den einen oder anderen Gro\u00dfh\u00e4ndler ;-), gelohnt.<\/p>\n","protected":false},"excerpt":{"rendered":"<p>Zum mittlerweile 11. Mal fanden dieses Wochenende, bei Kaiserwetter, die Naturfototage auf dem Areal des Klosters F\u00fcrstenfeld in F\u00fcrstenfeldbruck statt. Parallel zu den Bilderausstellungen und Vortr\u00e4gen fand auch in diesem Jahr wieder eine, wie man sieht sehr gut besuchte, Messe &hellip; <a href=\"https:\/\/www.die-ritters.de\/blog\/glanzlichter-naturfototage-2009-in-fuerstenfeldbruck.sturkopf\">Weiterlesen <span class=\"meta-nav\">&rarr;<\/span><\/a><\/p>\n","protected":false},"author":3,"featured_media":0,"comment_status":"open","ping_status":"open","sticky":false,"template":"","format":"standard","meta":{"footnotes":""},"categories":[1],"tags":[179,68,209,210,212,211],"class_list":["post-785","post","type-post","status-publish","format-standard","hentry","category-allgemein","tag-2-alte-herren","tag-fotomesse","tag-fuerstenfeld","tag-fuerstenfeldbruck","tag-glanzlichter","tag-naturfototage"],"_links":{"self":[{"href":"https:\/\/www.die-ritters.de\/blog\/wp-json\/wp\/v2\/posts\/785","targetHints":{"allow":["GET"]}}],"collection":[{"href":"https:\/\/www.die-ritters.de\/blog\/wp-json\/wp\/v2\/posts"}],"about":[{"href":"https:\/\/www.die-ritters.de\/blog\/wp-json\/wp\/v2\/types\/post"}],"author":[{"embeddable":true,"href":"https:\/\/www.die-ritters.de\/blog\/wp-json\/wp\/v2\/users\/3"}],"replies":[{"embeddable":true,"href":"https:\/\/www.die-ritters.de\/blog\/wp-json\/wp\/v2\/comments?post=785"}],"version-history":[{"count":0,"href":"https:\/\/www.die-ritters.de\/blog\/wp-json\/wp\/v2\/posts\/785\/revisions"}],"wp:attachment":[{"href":"https:\/\/www.die-ritters.de\/blog\/wp-json\/wp\/v2\/media?parent=785"}],"wp:term":[{"taxonomy":"category","embeddable":true,"href":"https:\/\/www.die-ritters.de\/blog\/wp-json\/wp\/v2\/categories?post=785"},{"taxonomy":"post_tag","embeddable":true,"href":"https:\/\/www.die-ritters.de\/blog\/wp-json\/wp\/v2\/tags?post=785"}],"curies":[{"name":"wp","href":"https:\/\/api.w.org\/{rel}","templated":true}]}}