{"id":7,"date":"2006-06-10T18:03:23","date_gmt":"2006-06-10T16:03:23","guid":{"rendered":"http:\/\/www.die-ritters.de\/blog\/?p=7"},"modified":"2014-02-25T14:40:06","modified_gmt":"2014-02-25T13:40:06","slug":"gegen-den-trend-schwarz-weiss-fotografie","status":"publish","type":"post","link":"https:\/\/www.die-ritters.de\/blog\/gegen-den-trend-schwarz-weiss-fotografie.sturkopf","title":{"rendered":"Gegen den Trend &#8211; Schwarz-Weiss-Fotografie"},"content":{"rendered":"<table width=\"280\" cellspacing=\"0\" cellpadding=\"10\" align=\"left\">\n<tbody>\n<tr>\n<td align=\"center\" bgcolor=\"#E7E7E7\" width=\"10\" height=\"10\"><\/td>\n<td align=\"center\" bgcolor=\"#E7E7E7\" width=\"250\" height=\"10\"><\/td>\n<td align=\"center\" width=\"10\" height=\"10\"><\/td>\n<\/tr>\n<tr>\n<td align=\"center\" bgcolor=\"#E7E7E7\" width=\"10\"><\/td>\n<td align=\"center\" bgcolor=\"#E7E7E7\" width=\"250\"><a href=\"https:\/\/www.die-ritters.de\/blog\/wp-content\/uploads\/beispiel-5109.jpg\"><img loading=\"lazy\" decoding=\"async\" class=\"alignnone size-full wp-image-1239\" alt=\"beispiel-5109\" src=\"https:\/\/www.die-ritters.de\/blog\/wp-content\/uploads\/beispiel-5109.jpg\" width=\"250\" height=\"354\" \/><\/a><\/td>\n<td align=\"center\" width=\"10\"><\/td>\n<\/tr>\n<tr>\n<td bgcolor=\"#E7E7E7\" width=\"10\"><\/td>\n<td bgcolor=\"#E7E7E7\" width=\"250\"><em>Die Aufnahme entstand als Farbbild mit einer Canon D60 und einem Objektiv 17-35L, wurde mit MonochromiX umgewandelt und mit FixFotos MFDL gerahmt. Eine Zusammenfassung der praktischen Erfahrungen mit FixFoto und MonochromiX findet sich in der Kategorie &#8222;angetestet&#8220;.<\/em><\/td>\n<td width=\"10\"><\/td>\n<\/tr>\n<tr>\n<td bgcolor=\"#E7E7E7\" width=\"10\" height=\"10\"><\/td>\n<td bgcolor=\"#E7E7E7\" width=\"250\" height=\"10\"><\/td>\n<td width=\"10\" height=\"10\"><\/td>\n<\/tr>\n<\/tbody>\n<\/table>\n<p>Die Besch\u00e4ftigung mit der Schwarz-Weiss-Fotografie bietet in jedem Fall eine wirklich hervorragende M\u00f6glichkeit, sich mit seinen Bildern auch gestalterisch vom Digital-Einerlei abzuheben. Die intensive Besch\u00e4ftigung mit Licht und Schatten schult das Auge auch f\u00fcr Farbbilder.<\/p>\n<p>Ich m\u00f6chte behaupten, wer Schwarz-Weiss fotografieren kann, kann auch farbig fotografieren. Sich mit einem Bildmotiv bez\u00fcglich seiner Schwarz-Weiss-Tauglichkeit auseinanderzusetzen, hei\u00dft gleichzeitig, sich intensiv Gedanken \u00fcber das Motiv und seine Gestaltung zu machen.<\/p>\n<p>Leider gibt es sehr wenige Digitalkameras auf dem Markt, mit denen man \u00fcberhaupt Schwarz-Weiss fotografieren kann. Bei denen, die&#8217;s gibt, fehlt \u00fcblicherweise die M\u00f6glichkeit, mit Filtern zu arbeiten, was hier ja eine gro\u00dfe Rolle spielt.<\/p>\n<p>Ich habe meine Programmkombination f\u00fcr solche Aufgaben gefunden: FixFoto, zusammen mit dem ganz neu erschienenen Zusatzmodul MonochromiX, das mir all die oben angesprochenen M\u00f6glichkeiten bietet.<\/p>\n<p>Die Bilder lassen sich mit MonochromiX in wirkliche optimaler Qualit\u00e4t auf der Basis vieler mitgelieferter Filmprofile umwandeln, mit Schwarz-Weiss-Filtern beeinflussen und als Standard-Schwarz-Weiss, auf simuliertem Chamoise-Papier oder auch getont ausgeben. FixFoto und MonochromiX sind selbstverst\u00e4ndlich auch auf der Homepage des Programmautors erh\u00e4ltlich. Ich finde Programm und Zusatzmodul aber so gut, da\u00df ich gerne ehrenhalber und unentgeltlich daf\u00fcr klappern m\u00f6chte.<\/p>\n<p>Ich w\u00fcrde mich jedenfalls freuen, wenn sich- mit oder ohne oben erw\u00e4hnte Software &#8211; der allgemeine Trend m\u00f6glichst schnell zu mehr Qualit\u00e4t und Gestaltung wandeln w\u00fcrde. Eine h\u00f6here Wertsch\u00e4tzung des Hobbys Fotografie jedenfalls w\u00fcrde uns allen gut zu Gesicht stehen.<\/p>\n<p>Ich w\u00fcnsche allzeit &#8222;gut Licht&#8220; und verabschiede mich f\u00fcr heute mit einer nicht ganz ernst gemeinten Emfpehlung: &#8222;Immer wenn die Sonne lacht &#8211; Blende acht!&#8220;<\/p>\n","protected":false},"excerpt":{"rendered":"<p>Die Aufnahme entstand als Farbbild mit einer Canon D60 und einem Objektiv 17-35L, wurde mit MonochromiX umgewandelt und mit FixFotos MFDL gerahmt. Eine Zusammenfassung der praktischen Erfahrungen mit FixFoto und MonochromiX findet sich in der Kategorie &#8222;angetestet&#8220;. Die Besch\u00e4ftigung mit &hellip; <a href=\"https:\/\/www.die-ritters.de\/blog\/gegen-den-trend-schwarz-weiss-fotografie.sturkopf\">Weiterlesen <span class=\"meta-nav\">&rarr;<\/span><\/a><\/p>\n","protected":false},"author":3,"featured_media":0,"comment_status":"open","ping_status":"open","sticky":false,"template":"","format":"standard","meta":{"footnotes":""},"categories":[2],"tags":[17,49,50,112],"class_list":["post-7","post","type-post","status-publish","format-standard","hentry","category-gedanken","tag-fixfoto","tag-monochromix","tag-schwarz-weiss","tag-tonung"],"_links":{"self":[{"href":"https:\/\/www.die-ritters.de\/blog\/wp-json\/wp\/v2\/posts\/7","targetHints":{"allow":["GET"]}}],"collection":[{"href":"https:\/\/www.die-ritters.de\/blog\/wp-json\/wp\/v2\/posts"}],"about":[{"href":"https:\/\/www.die-ritters.de\/blog\/wp-json\/wp\/v2\/types\/post"}],"author":[{"embeddable":true,"href":"https:\/\/www.die-ritters.de\/blog\/wp-json\/wp\/v2\/users\/3"}],"replies":[{"embeddable":true,"href":"https:\/\/www.die-ritters.de\/blog\/wp-json\/wp\/v2\/comments?post=7"}],"version-history":[{"count":2,"href":"https:\/\/www.die-ritters.de\/blog\/wp-json\/wp\/v2\/posts\/7\/revisions"}],"predecessor-version":[{"id":1238,"href":"https:\/\/www.die-ritters.de\/blog\/wp-json\/wp\/v2\/posts\/7\/revisions\/1238"}],"wp:attachment":[{"href":"https:\/\/www.die-ritters.de\/blog\/wp-json\/wp\/v2\/media?parent=7"}],"wp:term":[{"taxonomy":"category","embeddable":true,"href":"https:\/\/www.die-ritters.de\/blog\/wp-json\/wp\/v2\/categories?post=7"},{"taxonomy":"post_tag","embeddable":true,"href":"https:\/\/www.die-ritters.de\/blog\/wp-json\/wp\/v2\/tags?post=7"}],"curies":[{"name":"wp","href":"https:\/\/api.w.org\/{rel}","templated":true}]}}