{"id":61,"date":"2006-09-09T22:05:30","date_gmt":"2006-09-09T21:05:30","guid":{"rendered":"http:\/\/www.die-ritters.de\/blog\/?p=61"},"modified":"2018-09-07T13:50:25","modified_gmt":"2018-09-07T11:50:25","slug":"monitorkalibrierung-ganz-einfach-auch-ohne-spyderco","status":"publish","type":"post","link":"https:\/\/www.die-ritters.de\/blog\/monitorkalibrierung-ganz-einfach-auch-ohne-spyderco.sturkopf","title":{"rendered":"Monitorkalibrierung ganz einfach &#8211; auch ohne Spyder&#038;Co."},"content":{"rendered":"<p><strong>Auch ohne teure Kalibrierungstools und -ger\u00e4te reproduzierbare Ergebnisse erreichen? &#8211; Prinzipiell kein Problem, wenn man Schritt f\u00fcr Schritt vorgeht und au\u00dferdem ein paar wenige Euro f\u00fcr die Ausbelichtung eines Referenzprints investiert. (Siehe auch <a title=\"Auf der Indexseite unten mit rechter Maustaste auf den Link Referenzdatei klicken!\" href=\"https:\/\/michaelsonntag.net\/monitor-korrekt-einstellen-auch-ohne-spyder-co-2\/\" target=\"_blank\" rel=\"noopener\">hier!<\/a>)<\/strong><\/p>\n<p><strong>FRAGE:<br \/>\n<\/strong>Die belichtete Datei sieht auf meinem Monitor ganz anders aus als auf dem fertigen Bild. Wie bekomme ich es hin, da\u00df auf dem Bild das zu sehen ist, was ich zu Hause auf meinem Monitor sehe?<\/p>\n<p><strong>ANTWORT:<br \/>\n<\/strong>Die farbkorrekte Kalibrierung eines Monitors erfordert einen immensen Aufwand. Fachleute setzen dazu sehr teure Me\u00dfger\u00e4te in Verbindung mit Spezialsoftware ein. Au\u00dferdem w\u00e4re zur korrekten Beurteilung von Bildern ein Standort in abgedunkeltem Raum bei v\u00f6llig neutralem Umgebungslicht n\u00f6tig.<\/p>\n<p>F\u00fcr den privaten Einsatz hat sich am besten bew\u00e4hrt, beim Labor ein Testbild belichten zu lassen und mit dem erhaltenen Ergebnis dann die Originaldatei auf dem eigenen Monitor farblich anzugleichen. Viele Labors bieten Referenzdateien zum Download an oder liefern eventuell gleich ein Testset auf CD mit beiliegendem Referenzbild. Wichtig dabei ist aber, da\u00df Sie vorher Ihren Monitor in Helligkeit und Kontrast optimieren und sich erst danach an die Anpassung der Farbtemperatur machen.<\/p>\n<p>Der Photoindustrie-Verband e.V. und CIPHO &#8211; Chemieverband Imaging und Photo e.V. in der Karlstrasse 19-21 in 60329 Frankfurt am Main, in dem die meisten Laborger\u00e4te- und Papierhersteller Mitglied sind, hat ein Testset entwickelt, das viele Labore nutzen. Ich darf die n\u00f6tigen Dateien des &#8222;Digital Quality Tools&#8220; hier zum Download bereitstellen. Bitte ben\u00fctzen Sie zum Speichern der Dateien die rechte Maustaste und &#8222;Ziel speichern unter&#8220;.<\/p>\n<p><a title=\"Testbild zum Einstellen des Monitorkontrasts und der Helligkeit\" href=\"https:\/\/www.die-ritters.de\/blog\/pics\/kontrast.jpg\" target=\"_blank\" rel=\"noopener\">kontrast.jpg<\/a> ist ein Testbild, das Ihnen hilft, Kontrast und Helligkeit Ihres Monitors einzustellen, <a title=\"Zum Ausbelichten im Labor und zur farblichen Anpassung des heimischen Monitors\" href=\"https:\/\/www.die-ritters.de\/blog\/pics\/monitor.jpg\" target=\"_blank\" rel=\"noopener\">monitor.jpg<\/a>, bei Ihrem Labor ausbelichtet, k\u00f6nnen Sie zur farblichen Anpassung verwenden und <a title=\"Anleitung zum weiteren Vorgehen bei der Monitorkalibrierung\" href=\"https:\/\/www.die-ritters.de\/blog\/pics\/dictinfo.pdf\" target=\"_blank\" rel=\"noopener\">dictinfo.pdf<\/a> enth\u00e4lt die Anleitung zum weiteren Vorgehen.<\/p>\n<p>Wir bedanken uns beim Photoindustrie-Verband (Herausgeber und Inhaber des Copyrights) f\u00fcr die Erlaubnis, das Testset hier zum Download anbieten zu d\u00fcrfen. Mehr Infos erhalten Sie auf <a href=\"http:\/\/www.photoindustrie-verband.de\">www.photoindustrie-verband.de<\/a> oder <a href=\"http:\/\/www.cipho.de\">www.cipho.de<\/a>.<\/p>\n<p><a title=\"Einstellbild f\u00fcr Helligkeit und Kontrast des heimischen Monitors\" href=\"https:\/\/www.die-ritters.de\/blog\/pics\/bildschirmkontrast.jpg\" target=\"_blank\" rel=\"noopener\"><img loading=\"lazy\" decoding=\"async\" src=\"https:\/\/www.die-ritters.de\/blog\/wp-content\/uploads\/kontrastklein.jpg\" alt=\"kontrastklein\" width=\"161\" height=\"124\" align=\"left\" \/><\/a>Zur schnellen Monitor-\u00dcberpr\u00fcfung von Kontrast und Helligkeit haben wir uns ein kleines Testbildchen ausgedacht, das, unscheinbar, wie es ist, auch in jede eigene Webgalerie eingef\u00fcgt werden kann und eine grobe Kontrast- und Helligkeitseinstellung erlaubt. Drehen Sie bitte den Kontrastregler Ihres Monitors auf 100% und regeln sie mit dem Helligkeitsregler so ein, da\u00df die beiden in den Rechtecken links und rechts eingeblendeten Kamera-Piktogramme gerade noch zu sehen sind. (linke Kamera = RGB 20\/20\/20, rechte Kamera = RGB 250\/250\/250)<\/p>\n<p>F\u00fcr alle, die&#8217;s genauer w\u00fcnschen, sei hier noch ein weiterf\u00fchrender, zur Einstellung sehr gut geeigneter Link empfohlen: <a href=\"http:\/\/www.werbefoto.at\/d_base\/calibration.htm\">http:\/\/www.werbefoto.at\/d_base\/calibration.htm<\/a>.<\/p>\n<p>In der FixFoto Datenschatulle habe ich die Prozedur <strong><a title=\"Monitor-Kalibrierung ausf\u00fchrlicher\" href=\"http:\/\/fixfoto.datenschatulle.de\/monitor-korrekt-einstellen-auch-ohne-spyder-co-teil-1.fixfoto\" target=\"_blank\" rel=\"noopener\">in einer etwas ausf\u00fchrlicheren Beitragsreihe zusammengefasst<\/a><\/strong> und die entsprechenden Referenzbilder hinterlegt.<\/p>\n<p><strong><a title=\"Die FixFoto Datenschatulle mit den Testbildern zum Runterladen\" href=\"https:\/\/fixfoto-tipps.de\/\" target=\"_blank\" rel=\"noopener\"><img loading=\"lazy\" decoding=\"async\" class=\"alignnone\" src=\"https:\/\/www.die-ritters.de\/blog\/wp-content\/uploads\/datenschatulleneu-klein.jpg\" alt=\"datenschatulleneu-klein\" width=\"295\" height=\"238\" align=\"left\" \/><\/a>Au\u00dferdem liegen noch verschiedene weitere Test- und Kalibrierbilder in der FixFoto Datenschatulle.<\/strong> Selbstverst\u00e4ndlich eigenen sich diese Testbilder auch f\u00fcr andere Bildbearbeitungsprogramme.<\/p>\n<p>Meine Testbildchen d\u00fcrfen nat\u00fcrlich gerne &#8222;geklaut&#8220; werden. Ich w\u00fcrde mich aber \u00fcber eine Ursprungsangabe und einen Link auf diesen Blog, vielleicht sogar zu diesem Beitrag, sehr freuen.<\/p>\n<ul>\n<li><a title=\"Eine Auswahl von Bannern f\u00fcr die Ansichten eines Sturkopfs\" href=\"https:\/\/www.die-ritters.de\/0sheets\/banner\/banner.htm\" target=\"_blank\" rel=\"noopener\">Hier finden Sie den HTML-Code f\u00fcr ein Banner<\/a>. Ich hoffe, es ist f\u00fcr jeden was dabei. Falls es ein Textlink ist, den Sie auf Ihrer Seite einbinden, freue ich mich genau so.<\/li>\n<\/ul>\n","protected":false},"excerpt":{"rendered":"<p>Auch ohne teure Kalibrierungstools und -ger\u00e4te reproduzierbare Ergebnisse erreichen? &#8211; Prinzipiell kein Problem, wenn man Schritt f\u00fcr Schritt vorgeht und au\u00dferdem ein paar wenige Euro f\u00fcr die Ausbelichtung eines Referenzprints investiert. (Siehe auch hier!) FRAGE: Die belichtete Datei sieht auf &hellip; <a href=\"https:\/\/www.die-ritters.de\/blog\/monitorkalibrierung-ganz-einfach-auch-ohne-spyderco.sturkopf\">Weiterlesen <span class=\"meta-nav\">&rarr;<\/span><\/a><\/p>\n","protected":false},"author":3,"featured_media":0,"comment_status":"open","ping_status":"open","sticky":false,"template":"","format":"standard","meta":{"footnotes":""},"categories":[5],"tags":[88,85,87,86],"class_list":["post-61","post","type-post","status-publish","format-standard","hentry","category-tippsundfaqs","tag-kalibrieren","tag-monitor","tag-profil","tag-spyder"],"_links":{"self":[{"href":"https:\/\/www.die-ritters.de\/blog\/wp-json\/wp\/v2\/posts\/61","targetHints":{"allow":["GET"]}}],"collection":[{"href":"https:\/\/www.die-ritters.de\/blog\/wp-json\/wp\/v2\/posts"}],"about":[{"href":"https:\/\/www.die-ritters.de\/blog\/wp-json\/wp\/v2\/types\/post"}],"author":[{"embeddable":true,"href":"https:\/\/www.die-ritters.de\/blog\/wp-json\/wp\/v2\/users\/3"}],"replies":[{"embeddable":true,"href":"https:\/\/www.die-ritters.de\/blog\/wp-json\/wp\/v2\/comments?post=61"}],"version-history":[{"count":4,"href":"https:\/\/www.die-ritters.de\/blog\/wp-json\/wp\/v2\/posts\/61\/revisions"}],"predecessor-version":[{"id":1501,"href":"https:\/\/www.die-ritters.de\/blog\/wp-json\/wp\/v2\/posts\/61\/revisions\/1501"}],"wp:attachment":[{"href":"https:\/\/www.die-ritters.de\/blog\/wp-json\/wp\/v2\/media?parent=61"}],"wp:term":[{"taxonomy":"category","embeddable":true,"href":"https:\/\/www.die-ritters.de\/blog\/wp-json\/wp\/v2\/categories?post=61"},{"taxonomy":"post_tag","embeddable":true,"href":"https:\/\/www.die-ritters.de\/blog\/wp-json\/wp\/v2\/tags?post=61"}],"curies":[{"name":"wp","href":"https:\/\/api.w.org\/{rel}","templated":true}]}}