{"id":6,"date":"2006-06-09T17:44:39","date_gmt":"2006-06-09T15:44:39","guid":{"rendered":"http:\/\/www.die-ritters.de\/blog\/?p=6"},"modified":"2011-07-23T17:20:27","modified_gmt":"2011-07-23T15:20:27","slug":"gedanken-zur-digitalen-entwicklung-in-der-fotografie-2","status":"publish","type":"post","link":"https:\/\/www.die-ritters.de\/blog\/gedanken-zur-digitalen-entwicklung-in-der-fotografie-2.sturkopf","title":{"rendered":"Gedanken zur digitalen Entwicklung in der Fotografie"},"content":{"rendered":"<p>Digital ist &#8222;in&#8220;, die Entwicklung schreitet in Riesenschritten voran. Ich habe den Eindruck, da\u00df in genau so gro\u00dfen Schritten, wie sich Digitalknipsen aller Schattierungen auf dem Markt verbreiten, die Qualit\u00e4t der produzierten Bilder in den Keller geht.<\/p>\n<p>Masse statt Klasse wird allenthalben produziert. Man sieht an jeder Ecke Zeitgenossen, die den Eindruck erwecken, ihre Arme seien allesamt zu kurz. Weit von sich gestreckt halten sie ihre Digitalknipsen, versuchen auf dem Briefmarkenmonitor im hellen Sonnenlicht noch irgend eine Bildinformation zu erhaschen, was meist fehlschl\u00e4gt. Kost ja nix, also draufhalten und einfach dr\u00fccken. Die meisten Leute sind weit entfernt von jeglicher Bildgestaltung oder \u00dcberlegungen zur Qualit\u00e4t ihrer Bilder.<\/p>\n<p>Die Produktion wird dann im Stra\u00dfencafe auf eben diesem Briefmarktenmonitor gesichtet und aussortiert. Wie man auf solch einem Monitor die Bildqualit\u00e4t oder sogar die Sch\u00e4rfe beurteilen kann, entzieht sich meiner Kenntnis. Wo man sich fr\u00fcher, im &#8222;analogen Mittelalter&#8220; noch Gedanken um die Bildgestaltung gemacht hat &#8211; Filme und Bilder waren teuer, man hatte ein wertvolles Hobby &#8211; wird heute mehr denn je geknipst, einfach draufgehalten. Die Fotografie ist zur Wertlosigkeit verkommen und so sind auch viele im Netz pr\u00e4sentierten Ergebnisse dieser Knips-Orgien. Passt auch zur derzeit grassierenden &#8222;Geizgeil-Mentalit\u00e4t&#8220; vieler Zeitgenossen.<\/p>\n<p>Um allen Lernwilligen ein wenig zu helfen, habe ich <a href=\"http:\/\/www.der-fotoritter.de\/6menu\/buecher-software.html\" target=\"_blank\">die B\u00fccherliste<\/a> ver\u00f6ffentlicht, die neben Werken f\u00fcr&#8217;s Grundwissen eben auch zwei wertvolle B\u00fccher zur Bildgestaltung enth\u00e4lt.<\/p>\n<p>Bleibt mir nur noch, viel Spa\u00df beim Schm\u00f6kern und allzeit gute Bilder zu w\u00fcnschen.<\/p>\n","protected":false},"excerpt":{"rendered":"<p>Digital ist &#8222;in&#8220;, die Entwicklung schreitet in Riesenschritten voran. Ich habe den Eindruck, da\u00df in genau so gro\u00dfen Schritten, wie sich Digitalknipsen aller Schattierungen auf dem Markt verbreiten, die Qualit\u00e4t der produzierten Bilder in den Keller geht. Masse statt Klasse &hellip; <a href=\"https:\/\/www.die-ritters.de\/blog\/gedanken-zur-digitalen-entwicklung-in-der-fotografie-2.sturkopf\">Weiterlesen <span class=\"meta-nav\">&rarr;<\/span><\/a><\/p>\n","protected":false},"author":3,"featured_media":0,"comment_status":"open","ping_status":"open","sticky":false,"template":"","format":"standard","meta":{"footnotes":""},"categories":[2],"tags":[156,20,166],"class_list":["post-6","post","type-post","status-publish","format-standard","hentry","category-gedanken","tag-bilder","tag-digitalkamera","tag-fotografie"],"_links":{"self":[{"href":"https:\/\/www.die-ritters.de\/blog\/wp-json\/wp\/v2\/posts\/6","targetHints":{"allow":["GET"]}}],"collection":[{"href":"https:\/\/www.die-ritters.de\/blog\/wp-json\/wp\/v2\/posts"}],"about":[{"href":"https:\/\/www.die-ritters.de\/blog\/wp-json\/wp\/v2\/types\/post"}],"author":[{"embeddable":true,"href":"https:\/\/www.die-ritters.de\/blog\/wp-json\/wp\/v2\/users\/3"}],"replies":[{"embeddable":true,"href":"https:\/\/www.die-ritters.de\/blog\/wp-json\/wp\/v2\/comments?post=6"}],"version-history":[{"count":2,"href":"https:\/\/www.die-ritters.de\/blog\/wp-json\/wp\/v2\/posts\/6\/revisions"}],"predecessor-version":[{"id":1080,"href":"https:\/\/www.die-ritters.de\/blog\/wp-json\/wp\/v2\/posts\/6\/revisions\/1080"}],"wp:attachment":[{"href":"https:\/\/www.die-ritters.de\/blog\/wp-json\/wp\/v2\/media?parent=6"}],"wp:term":[{"taxonomy":"category","embeddable":true,"href":"https:\/\/www.die-ritters.de\/blog\/wp-json\/wp\/v2\/categories?post=6"},{"taxonomy":"post_tag","embeddable":true,"href":"https:\/\/www.die-ritters.de\/blog\/wp-json\/wp\/v2\/tags?post=6"}],"curies":[{"name":"wp","href":"https:\/\/api.w.org\/{rel}","templated":true}]}}