{"id":462,"date":"2008-08-04T20:41:55","date_gmt":"2008-08-04T18:41:55","guid":{"rendered":"http:\/\/www.die-ritters.de\/blog\/zw-auf-kreuzfahrt-17.sturkopf"},"modified":"2008-08-04T20:45:04","modified_gmt":"2008-08-04T18:45:04","slug":"zw-auf-kreuzfahrt-17","status":"publish","type":"post","link":"https:\/\/www.die-ritters.de\/blog\/zw-auf-kreuzfahrt-17.sturkopf","title":{"rendered":"Zw&#8230; auf Kreuzfahrt &#8211; 17"},"content":{"rendered":"<p><strong>Der letzte Tag &#8211; wir erreichen wieder Bremerhaven und es geht mit dem Bus zur\u00fcck nach Hause. Zeit also, f\u00fcr eine kleine R\u00fcckschau und eine Gesamtbewertung.<\/strong><\/p>\n<p align=\"center\"><img loading=\"lazy\" decoding=\"async\" height=\"343\" alt=\"tag17-k\" src=\"https:\/\/www.die-ritters.de\/blog\/wp-content\/uploads\/tag17-k.jpg\" width=\"452\" \/><\/p>\n<p>&#8230;da fallen Sp\u00e4ne (oder werden Sessel durchgescheuert). Ich h\u00e4tte auch schreiben k\u00f6nnen &#8222;Tag 17 &#8211; warten!&#8220;.<\/p>\n<p>In der Nacht von gestern auf heute mu\u00dften die gro\u00dfen Koffer, wie \u00fcblich, vor die Kabindent\u00fcr gestellt werden. Nach dem Einpacken haben wir uns nochmal in die Freibeuterbar begeben und das letzte Alkoholfreie (f\u00fcr den Uwe) und das letzte Dosenweizenbier (f\u00fcr mich) zu genie\u00dfen. Bis 24 uhr konnte auf Schiffskarte bezahlt werden.<\/p>\n<p align=\"center\"><img loading=\"lazy\" decoding=\"async\" height=\"452\" alt=\"t17-4\" src=\"https:\/\/www.die-ritters.de\/blog\/wp-content\/uploads\/t17-4.jpg\" width=\"306\" \/><\/p>\n<p>Gegen 23:30 Uhr wurde wieder in einer Prozession der oben abgebildete Erzengel Gabriel durch das Schiff getragen.<\/p>\n<p>F\u00fcr Au\u00dfenstehende sah es so aus, als w\u00fcrde nur die Dekoration f\u00fcr den Aufbau der Mitternachtssnacks an ihren Platz gebracht. Wir Insider wissen aber, da\u00df damit nur der wahre Grund kaschiert wurde. Die t\u00e4gliche Erzengel-Gabriel-Prozession war n\u00e4mlich daf\u00fcr verantwortlich, da\u00df wir unsere Reise letzten Endes sicher beenden konnten, da\u00df durch den Seegang nur Gl\u00e4ser von der Theke, aber keine Passagiere von den Barhockern rutschten, und, das Wichtigste, da\u00df wir keiner Sandbank zu nahe kamen.<\/p>\n<p>Am Schlu\u00df der Prozession wurde dann immer der Torso des Kochs getragen.<\/p>\n<p align=\"center\"><img loading=\"lazy\" decoding=\"async\" height=\"452\" alt=\"t17-5\" src=\"https:\/\/www.die-ritters.de\/blog\/wp-content\/uploads\/t17-5.jpg\" width=\"306\" \/><\/p>\n<p>B\u00f6se Zungen k\u00f6nnten jetzt behaupten: &#8222;Kein Wunder da\u00df das Essen so schlecht war, wenn der Koch zum einen weder Arme noch Beine hat und zum anderen jeden Tag in eben dieser kultigen Prozession durch&#8217;s Schiff getragen wird, statt in der K\u00fcche seinen Mann zu stehen&#8220;.<\/p>\n<p>Aber wir sind ja keine b\u00f6sen Zungen.<\/p>\n<p>Das Wetter an diesem letzten Tag ist sch\u00f6n und ich fotografiere auf dem Dampfer ein letztes Bild von &#8222;drau\u00dfen&#8220;, um die Gegebenheiten im Bild fest zu halten.<\/p>\n<p align=\"center\"><img loading=\"lazy\" decoding=\"async\" height=\"452\" alt=\"t17-1\" src=\"https:\/\/www.die-ritters.de\/blog\/wp-content\/uploads\/t17-1.jpg\" width=\"306\" \/><\/p>\n<p>Als wir dann am Vormittag Bremerhaven erreichen, hei\u00dft es warten, bis der Bus aufgerufen wird. Wir verziehen uns, bewaffnet mit einer Flasche Wasser, in die Bibliothek, in der die Klimaanlage auf Hochtouren werkelt. Wir haben unsere Ruhe und finden Zeit, noch einige Bilder zu machen, die ein wenig zeigen, in welch desolatem Zustand Dampfer und Einrichtung inzwischen sind.<\/p>\n<p align=\"center\"><img loading=\"lazy\" decoding=\"async\" height=\"306\" alt=\"t17-2\" src=\"https:\/\/www.die-ritters.de\/blog\/wp-content\/uploads\/t17-2.jpg\" width=\"452\" \/><\/p>\n<p>Auf dem Tagesbild ist die Sitzfl\u00e4che einer der Ohrensessel zu sehen. Der Sessel in unserer Kabine sah noch deutlich schlimmer aus. Auf dem Bild oben sollte eigentlich die Klinke und das Schloss der Bibliothekst\u00fcre zu sehen sein. Die war abgefallen und wurde w\u00e4hrend unserer Reise nicht erneuert.<\/p>\n<p align=\"center\"><img loading=\"lazy\" decoding=\"async\" height=\"452\" alt=\"t17-3\" src=\"https:\/\/www.die-ritters.de\/blog\/wp-content\/uploads\/t17-3.jpg\" width=\"306\" \/><\/p>\n<p>Auch die \u00fcbrigen St\u00fchle waren teils in einem abenteuerlichen Zustand. Klar, ich wei\u00df, gerade an einem Tag des Wartens fallen diese Dinge immer ganz besonders auf. Ich will das auch nicht \u00fcberbewerten, aber ich finde es traurig. Traurig ist auch, wenn dann mal was repariert wird, wie die Couchen in der Piano-Bar, wie lieblos das vonstatten geht. Da wird f\u00fcr die Sitzfl\u00e4che dann irgend ein \u00e4hnlichfarbiger, ansonsten aber komplett anderer Stoff verwendet.<\/p>\n<p>Aber egal, ich bin ja inzwischen wieder zu Hause und habe auch diese Reise \u00fcberlebt.<\/p>\n<p>Bedanken m\u00f6chte ich mich hier beim Erzengel Gabriel und ausdr\u00fccklich nochmal bei Andreas und Winnie, die uns oft als Reisebegleiter zugeteilt waren. Die beiden haben immer mal wieder &#8222;F\u00fcnfe grade sein lassen&#8220; und bei unseren Fotoeskapaden ein Auge, manchmal sogar zus\u00e4tzlich ein H\u00fchnerauge mit, zugedr\u00fcckt. So bin ich zu Bildern gekommen, die den anderen, die nicht mal schnell um die Ecke und vom &#8222;rechten Weg&#8220; abgewichen sind, vorenthalten blieben. Die beiden haben mit ihrer Art, mit ihrer Freundlichkeit und mit ihrem K\u00f6nnen daf\u00fcr gesorgt, da\u00df mir das gesamte Team rund um Andrej in guter Erinnerung bleiben wird.<\/p>\n<p>Bis auf die Hardangerfjordrheumadeckenbusreise, die f\u00fcr mich wirklich grenzwertig war, haben sie daf\u00fcr gesorgt, da\u00df ich mich an alle Ausfl\u00fcge gerne zur\u00fcckerinnere.<\/p>\n<p>Gar nicht gerne erinnere ich mich seit dieser Reise an den Veranstalter, Lord Nelson Seereisen, und an die Reederei zur\u00fcck. Deren Leistungen waren mangelhaft bis ungen\u00fcgend. Besonders gemein fand ich die Regelung mit den vorab zus\u00e4tzlich zum Reisepreis abkassierten Trinkgeldern, die angeblich allen Mitarbeitern gleicherma\u00dfen zugute kommen sollten. Von verschiedenen Mitarbeitern auf dem Dampfer habe ich erfahren, da\u00df vorher die Geh\u00e4lter um eben diesen Trinkgeldbetrag gek\u00fcrzt wurden. Die Leute verdienen miserabel und mir bleibt der (nat\u00fcrlich subjektive) Eindruck, da\u00df sie ausgebeutet werden. Bei Uwe und mir gab&#8217;s deshalb f\u00fcr Restaurant- und Kabinenpersonal ein Extra-Trinkgeld, weil wir mit ihrer Arbeit wirklich zufrieden und teils auf&#8217;s angenehmste \u00fcberrascht waren.<\/p>\n<p>Isgesamt ist die Reiseroute wirklich empfehlenswert, nicht aber mit diesem Veranstalter und mit diesem Schiff. Ich habe f\u00fcr die n\u00e4chste Kreuzfahrt mein favorisiertes Schiff in Honningsv\u00c3\u00a5g schon mal von au\u00dfen inspiziert.<\/p>\n<p align=\"center\"><img loading=\"lazy\" decoding=\"async\" height=\"306\" alt=\"t11-4\" src=\"https:\/\/www.die-ritters.de\/blog\/wp-content\/uploads\/t11-4-1.jpg\" width=\"452\" \/><\/p>\n<p>Die MS Dlephin und Hansa Kreuzfahrten wurden von einigen Mitpassagieren durch die Bank gelobt und empfohlen. Schaumermal, wann ich&#8217;s dann ausprobieren kann.<\/p>\n<p align=\"center\"><img loading=\"lazy\" decoding=\"async\" height=\"452\" alt=\"t17-6\" src=\"https:\/\/www.die-ritters.de\/blog\/wp-content\/uploads\/t17-6.jpg\" width=\"343\" \/><\/p>\n<p>Zur\u00fcck nach Hause ging&#8217;s dann mit einem komfortablen Reisebus von Komm-mit-Reisen, einer ausgesprochen freundlichen Hostess und diversen, ausgeschlafenen Busfahrern mit ruhiger Fahrweise. Leider war der Wei\u00dfwurstbestand von den &#8222;Zureisern&#8220;, die heute vormittag mit unserem Bus angekommen waren, komplett leer gefressen worden. Aber der Nu\u00dfkranz war spitzenm\u00e4\u00dfig und verhungern mu\u00dften wir nicht.<\/p>\n","protected":false},"excerpt":{"rendered":"<p>Der letzte Tag &#8211; wir erreichen wieder Bremerhaven und es geht mit dem Bus zur\u00fcck nach Hause. Zeit also, f\u00fcr eine kleine R\u00fcckschau und eine Gesamtbewertung. &#8230;da fallen Sp\u00e4ne (oder werden Sessel durchgescheuert). Ich h\u00e4tte auch schreiben k\u00f6nnen &#8222;Tag 17 &hellip; <a href=\"https:\/\/www.die-ritters.de\/blog\/zw-auf-kreuzfahrt-17.sturkopf\">Weiterlesen <span class=\"meta-nav\">&rarr;<\/span><\/a><\/p>\n","protected":false},"author":3,"featured_media":0,"comment_status":"open","ping_status":"open","sticky":false,"template":"","format":"standard","meta":{"footnotes":""},"categories":[36],"tags":[101,102,32,33,45],"class_list":["post-462","post","type-post","status-publish","format-standard","hentry","category-reiseberichte","tag-bremerhaven","tag-komm-mit","tag-kreuzfahrt","tag-mona-lisa","tag-norwegen"],"_links":{"self":[{"href":"https:\/\/www.die-ritters.de\/blog\/wp-json\/wp\/v2\/posts\/462","targetHints":{"allow":["GET"]}}],"collection":[{"href":"https:\/\/www.die-ritters.de\/blog\/wp-json\/wp\/v2\/posts"}],"about":[{"href":"https:\/\/www.die-ritters.de\/blog\/wp-json\/wp\/v2\/types\/post"}],"author":[{"embeddable":true,"href":"https:\/\/www.die-ritters.de\/blog\/wp-json\/wp\/v2\/users\/3"}],"replies":[{"embeddable":true,"href":"https:\/\/www.die-ritters.de\/blog\/wp-json\/wp\/v2\/comments?post=462"}],"version-history":[{"count":0,"href":"https:\/\/www.die-ritters.de\/blog\/wp-json\/wp\/v2\/posts\/462\/revisions"}],"wp:attachment":[{"href":"https:\/\/www.die-ritters.de\/blog\/wp-json\/wp\/v2\/media?parent=462"}],"wp:term":[{"taxonomy":"category","embeddable":true,"href":"https:\/\/www.die-ritters.de\/blog\/wp-json\/wp\/v2\/categories?post=462"},{"taxonomy":"post_tag","embeddable":true,"href":"https:\/\/www.die-ritters.de\/blog\/wp-json\/wp\/v2\/tags?post=462"}],"curies":[{"name":"wp","href":"https:\/\/api.w.org\/{rel}","templated":true}]}}