{"id":433,"date":"2008-07-30T22:31:12","date_gmt":"2008-07-30T20:31:12","guid":{"rendered":"http:\/\/www.die-ritters.de\/blog\/?p=433"},"modified":"2008-07-31T10:02:39","modified_gmt":"2008-07-31T08:02:39","slug":"zw-auf-kreuzfahrt-16","status":"publish","type":"post","link":"https:\/\/www.die-ritters.de\/blog\/zw-auf-kreuzfahrt-16.sturkopf","title":{"rendered":"Zw&#8230; auf Kreuzfahrt &#8211; 16"},"content":{"rendered":"<p><strong>20. Juni 2008 &#8211; 345 Seemeilen<\/strong><\/p>\n<p><strong>Wir sind \u00fcber Nacht von Bergen nach Stavanger gefahren, wo wir schon sehr fr\u00fch am Morgen ankommen. Schon um 7:15 Uhr ist Termin f\u00fcr die Bootsfahrt zum Lysefjord, die ich gebucht habe. Uwe hat sich anders entschieden und ich bin nach dem gestrigen Fiasko auch ein wenig skeptisch. Mal sehen, was der Vormittag bringt.<\/strong><\/p>\n<p align=\"center\"><img loading=\"lazy\" decoding=\"async\" src=\"https:\/\/www.die-ritters.de\/blog\/wp-content\/uploads\/tag16-k.jpg\" alt=\"tag16-k\" width=\"452\" height=\"306\" \/><\/p>\n<p>Direkt am Schiff holt uns ein schnelles kleines Boot ab, auf dem wir die n\u00e4chste Zeit w\u00e4hrend der Fahrt zum Lysefjord verbringen werden. Ganz sch\u00f6n schnell, das Teil. Wie ich sp\u00e4ter erfahren werde, ist die maximale Reisegeschwindigkeit nicht ganz 30 Knoten.<\/p>\n<p>Ich, Andreas (unser Reisebegleiter von der Mona Lisa) und noch ein, zwei andere haben uns gleich nach vorne zum Bug des Bootes begeben, wo schon einige mit Drahtseil angebundene Stahlrohrst\u00fchle auf uns gewartet haben. Das Bild von Andreas entstand bei Maximalgeschwindigket auf der R\u00fcckfahrt, als das &#8222;Titanic-Feeling&#8220; aufkam, w\u00e4hrend er die vorbeifliegende Landschaft im Bild festhielt.<\/p>\n<p align=\"center\"><img loading=\"lazy\" decoding=\"async\" src=\"https:\/\/www.die-ritters.de\/blog\/wp-content\/uploads\/t16-1.jpg\" alt=\"t16-1\" width=\"452\" height=\"306\" \/><\/p>\n<p>Vorbei am \u00c3\u2013l(bohr)museum geht es, jetzt erst mal langsam, im Hafen sind nur maximal 6 Knoten erlaubt, in Richtung Lysefjord.<\/p>\n<p align=\"center\"><img loading=\"lazy\" decoding=\"async\" src=\"https:\/\/www.die-ritters.de\/blog\/wp-content\/uploads\/t16-2.jpg\" alt=\"t16-2\" width=\"452\" height=\"306\" \/><\/p>\n<p>Erst im freien Gew\u00e4sser kann unser K\u00e4pt&#8217;n dann schon ein wenig Gummi geben. An vielen sch\u00f6nen Stellen wird die Fahrt verlangsamt, um den Passagieren Gelegenheit zum fotografieren zu geben. Wir fahren vorbei an der mond\u00e4nsten Ecke Stavangers, wo die Grundst\u00fccke an der K\u00fcste, weil sie so begehrt sind, von einer an die n\u00e4chste Generation vererbt werden. Ich hab schnell online meinen Kontostand abgefragt und dann doch vom Kauf des folgenden Grundst\u00fccks Abstand genommen&#8230;;-)<\/p>\n<p align=\"center\"><img loading=\"lazy\" decoding=\"async\" src=\"https:\/\/www.die-ritters.de\/blog\/wp-content\/uploads\/t16-3.jpg\" alt=\"t16-3\" width=\"452\" height=\"306\" \/><\/p>\n<p>Anfangs sah das Wetter gar nicht gut aus, was sich dann aber relativ schnell \u00e4nderte. Es h\u00f6rte auf zu tr\u00f6pfeln und an einigen Ecken kam richtig die Sonne durch.<\/p>\n<p align=\"center\"><img loading=\"lazy\" decoding=\"async\" src=\"https:\/\/www.die-ritters.de\/blog\/wp-content\/uploads\/t16-4.jpg\" alt=\"t16-4\" width=\"452\" height=\"306\" \/><\/p>\n<p>Nach vielleicht 30 Minuten Fahrt biegen wir in den Lysefjord ein. Immer wieder f\u00e4hrt unser Kapit\u00e4n zu sch\u00f6nen Stellen, h\u00e4lt an und l\u00e4sst uns fotografieren.<\/p>\n<p align=\"center\"><img loading=\"lazy\" decoding=\"async\" src=\"https:\/\/www.die-ritters.de\/blog\/wp-content\/uploads\/t16-5.jpg\" alt=\"t16-5\" width=\"306\" height=\"452\" \/><\/p>\n<p>In eine Piratenbucht f\u00e4hrt er, nachdem das Boot vom Eingang verschwunden ist, mit unserem Kahn rein und dreht in der Bucht 2x um die eigene Achse. Vorn und hinten sind vielleicht noch je 50 cm Platz. Hier sollen sich in fr\u00fcheren Zeiten Piraten vor dem Zugriff der Ordnungsmacht versteckt haben. Die an drei Seiten senkrecht hochragenden W\u00e4nde sind leider nicht im Bild festzuhalten. Zumindest sind sind im Bild l\u00e4ngst nicht so spektakul\u00e4r darzustellen, wie sie in Wirklichkeit waren.<\/p>\n<p align=\"center\"><img loading=\"lazy\" decoding=\"async\" src=\"https:\/\/www.die-ritters.de\/blog\/wp-content\/uploads\/t16-6.jpg\" alt=\"t16-6\" width=\"452\" height=\"306\" \/><\/p>\n<p>Es ergeben sich immer wieder beeindruckende Motive der Fjordlandschaft. Ich bin froh, da\u00df wir nicht wolkenlosen blauen Himmel haben, sondern das Wetter wirklich im Minutentakt die Landschaft immer wieder total ver\u00e4ndert.<\/p>\n<p align=\"center\"><img loading=\"lazy\" decoding=\"async\" src=\"https:\/\/www.die-ritters.de\/blog\/wp-content\/uploads\/t16-7.jpg\" alt=\"t16-7\" width=\"225\" height=\"452\" \/><\/p>\n<p>Nach kurzer Fahrt erreichen wir die Hauptakttraktion des Lysefjords, den &#8222;Prekkestolen&#8220;. Es handelt sich um ein Felsplateau von 25 x 25 Meter, ca. 600 Meter \u00fcber dem Meer. Er ist landseitig durch eine 1-2 Meter breite Ritze vom Felsen abgetrennt und durch keinerlei Absperrung gesichert. Mutige rutschen auf dem Bauch nach vorne, um senkrecht runter auf&#8217;s Wasser gucken zu k\u00f6nnen. Ich war leider noch nicht oben, aber was nicht ist, kann ja noch werden.<\/p>\n<p align=\"center\"><img loading=\"lazy\" decoding=\"async\" src=\"https:\/\/www.die-ritters.de\/blog\/wp-content\/uploads\/t16-8.jpg\" alt=\"t16-8\" width=\"452\" height=\"306\" \/><\/p>\n<p>Als wir uns schon ein wenig vom Ufer entfernt hatten, hab ich mit dem Tele nochmal nach oben fotografiert. Leider zeigen die Bilder in keinster Weise, wie beeindruckend das Teil und vor allem die H\u00f6he der senkrechten Felsw\u00e4nde sind.<\/p>\n<p align=\"center\"><img loading=\"lazy\" decoding=\"async\" src=\"https:\/\/www.die-ritters.de\/blog\/wp-content\/uploads\/t16-9.jpg\" alt=\"t16-9\" width=\"452\" height=\"306\" \/><\/p>\n<p>Wir fahren weiter zu einem wundersch\u00f6nen Wasserfall, an dem der Obermatrose dazu verdonnert wird, uns mit einem Eimer frisches Quellwasser zu besorgen. Er wird patschnass, es gelingt ihm aber, den Eimer fast ganz zu f\u00fcllen. Becher werden ausgeteilt und wir alle genie\u00dfen das wirklich schmackhafte, frische Quellwasser. Oberlecker!<\/p>\n<p align=\"center\"><img loading=\"lazy\" decoding=\"async\" src=\"https:\/\/www.die-ritters.de\/blog\/wp-content\/uploads\/t16-10.jpg\" alt=\"t16-10\" width=\"452\" height=\"306\" \/><\/p>\n<p>Nach ein, zwei weiteren Fotostopps, es gibt wirklich jede Menge Motive, legt der Kapit\u00e4n dann noch einen Scheit zu und es geht &#8222;volle Pulle&#8220; zur\u00fcck Richtung Stavanger. Ich mu\u00dfte unbedingt vorne stehen und die Geschwindigkeit genie\u00dfen. Einmal h\u00e4tt&#8217;s mich beinahe \u00fcber die Reling geschmissen, als wir mehrere Male so richtig geschanzt sind. Hier entstand auch das Eingangsbild mit Andreas, dem&#8217;s ebenfalls sichtlich Spa\u00df gemacht hat.<\/p>\n<p>Nach dreieinhalb Stunden geht ein Ausflug zu Ende, der den gestrigen Reinfall wieder wett gemacht hat, und f\u00fcr den es jeder bezahlte Cent wert war. Gut investierte 77 Euro. Wenn ich wieder mal nach Stavanger komme, werde ich ihn wiederholen. Ich hab schon lange nicht mehr so viel Spa\u00df gehabt.<\/p>\n<p>Nachdem die Mannschaft ihre Seenotrettungs\u00fcbung abgschlossen hat, verlassen wir gegen Mittag Stavanger.<\/p>\n<p align=\"center\"><img loading=\"lazy\" decoding=\"async\" src=\"https:\/\/www.die-ritters.de\/blog\/wp-content\/uploads\/t16-11.jpg\" alt=\"t16-11\" width=\"452\" height=\"306\" \/><\/p>\n<p>Zu mehr als diesem Abschiedsbild hat&#8217;s nicht gereicht, da uns zwei so kleine Paddelboote die Sicht genommen haben. Auf einem stand &#8222;Costa Mediterranea&#8220; und auf dem anderen &#8222;Queen Victoria&#8220;. Na ja, wollemer die Kleinen auch mal ran lassen, nicht?<\/p>\n","protected":false},"excerpt":{"rendered":"<p>20. Juni 2008 &#8211; 345 Seemeilen Wir sind \u00fcber Nacht von Bergen nach Stavanger gefahren, wo wir schon sehr fr\u00fch am Morgen ankommen. Schon um 7:15 Uhr ist Termin f\u00fcr die Bootsfahrt zum Lysefjord, die ich gebucht habe. Uwe hat &hellip; <a href=\"https:\/\/www.die-ritters.de\/blog\/zw-auf-kreuzfahrt-16.sturkopf\">Weiterlesen <span class=\"meta-nav\">&rarr;<\/span><\/a><\/p>\n","protected":false},"author":3,"featured_media":0,"comment_status":"open","ping_status":"open","sticky":false,"template":"","format":"standard","meta":{"footnotes":""},"categories":[36],"tags":[32,97,33,45,96],"class_list":["post-433","post","type-post","status-publish","format-standard","hentry","category-reiseberichte","tag-kreuzfahrt","tag-lysefjord","tag-mona-lisa","tag-norwegen","tag-stavanger"],"_links":{"self":[{"href":"https:\/\/www.die-ritters.de\/blog\/wp-json\/wp\/v2\/posts\/433","targetHints":{"allow":["GET"]}}],"collection":[{"href":"https:\/\/www.die-ritters.de\/blog\/wp-json\/wp\/v2\/posts"}],"about":[{"href":"https:\/\/www.die-ritters.de\/blog\/wp-json\/wp\/v2\/types\/post"}],"author":[{"embeddable":true,"href":"https:\/\/www.die-ritters.de\/blog\/wp-json\/wp\/v2\/users\/3"}],"replies":[{"embeddable":true,"href":"https:\/\/www.die-ritters.de\/blog\/wp-json\/wp\/v2\/comments?post=433"}],"version-history":[{"count":0,"href":"https:\/\/www.die-ritters.de\/blog\/wp-json\/wp\/v2\/posts\/433\/revisions"}],"wp:attachment":[{"href":"https:\/\/www.die-ritters.de\/blog\/wp-json\/wp\/v2\/media?parent=433"}],"wp:term":[{"taxonomy":"category","embeddable":true,"href":"https:\/\/www.die-ritters.de\/blog\/wp-json\/wp\/v2\/categories?post=433"},{"taxonomy":"post_tag","embeddable":true,"href":"https:\/\/www.die-ritters.de\/blog\/wp-json\/wp\/v2\/tags?post=433"}],"curies":[{"name":"wp","href":"https:\/\/api.w.org\/{rel}","templated":true}]}}