{"id":42,"date":"2009-09-04T11:03:21","date_gmt":"2009-09-04T09:03:21","guid":{"rendered":"http:\/\/www.die-ritters.de\/blog\/?p=42"},"modified":"2009-09-04T11:03:24","modified_gmt":"2009-09-04T09:03:24","slug":"homegallery","status":"publish","type":"post","link":"https:\/\/www.die-ritters.de\/blog\/homegallery.sturkopf","title":{"rendered":"HomeGallery"},"content":{"rendered":"<p><a title=\"HomeGallery von Stefan Heymann - hervorragende Freeware!\" href=\"http:\/\/www.stefanheymann.de\/homegallery\/\" target=\"_blank\"><img loading=\"lazy\" decoding=\"async\" src=\"https:\/\/www.die-ritters.de\/blog\/wp-content\/uploads\/homegalleryhomepage.jpg\" alt=\"homegalleryhomepage\" width=\"295\" height=\"239\" align=\"left\" \/><\/a><strong>Leider hat Stefan Heymann seine Foren jetzt endg\u00fcltig geschlossen, was ich pers\u00f6nlich sehr traurig finde. Die Links zu den Foren unten funktionieren also leider nicht mehr. Ich nutze Homegallery immer noch sehr gerne und helfe auch gerne bei Fragen. Einfach anmailen!<\/strong><\/p>\n<p>F\u00fcr meine <a title=\"die meisten meiner Galerien sind mit HomeGallery erstellt\" href=\"http:\/\/www.der-fotoritter.de\/1menu\/galerien.html\" target=\"_blank\">Bildergalerien<\/a> und auch f\u00fcr die <a title=\"Produkt\u00fcbersicht - erstellt mit HomeGallery\" href=\"http:\/\/www.ritter-wirsching.de\/4produkt\/1offen\/bildverpackung\/index.html\" target=\"_blank\">Produkt\u00fcbersichten<\/a> auf unserer dienstlichen Homepage verwende ich Stefan Heymanns &#8222;HomeGallery&#8220;, eine absolut geniale Freeware, mit der man sehr individuell gestaltete Galerien automatisiert erstellen kann.<\/p>\n<p>Da ich in diesem Bereich fast alles mit HomeGallery mache, habe ich mir zwangsl\u00e4ufig alles dazu etwas intensiver anschauen d\u00fcrfen. Damit auch andere von diesen Erfahrungen profitieren k\u00f6nnen, habe ich im <a title=\"Erkl\u00e4rungen zur Erstellung einer Galeire mittels HomeGallery\" href=\"http:\/\/www.stefanheymann.de\/homegallery\/\" target=\"_blank\">HomeGallery-Forum<\/a> einen Thread begonnen, in dem ich den Aufbau einer solchen Galerie versuche, ein wenig zu beleuchten und die Zusammenh\u00e4nge zu erkl\u00e4ren.<\/p>\n<p><del datetime=\"2009-09-04T08:54:04+00:00\"><a title=\"Direkt zum Thread...\" href=\"http:\/\/forum.stefanheymann.de\/bb\/viewtopic.php?t=103\" target=\"_blank\"><strong>Ich m\u00f6chte alle Interessierten einladen, dort mal vorbei zu schauen. <\/strong><\/a> <strong>Kommentare nehme ich gerne auch hier in Empfang.<\/strong><\/del><\/p>\n<p>Ich finde das Programm so klasse, da\u00df ich es ehrlich und mit bestem Gewissen jedem empfehlen kann, der seine Galerien HTML-basiert und ohne Java- oder PHP-Schnickschnack erstellen m\u00f6chte. Welche M\u00f6glichkeiten in diesem Programm stecken, kann man, glaube ich, schon sehr gut an meiner <a title=\"Mustergalerie - erstellt mit HomeGallery\" href=\"http:\/\/www.der-fotoritter.de\/1menu\/~testgalerie\/1menu1.html\" target=\"_blank\">Mustergalerie<\/a> sehen, in der ich m\u00f6glichst viele M\u00f6glichkeiten versucht habe, zu verarbeiten.<\/p>\n","protected":false},"excerpt":{"rendered":"<p>Leider hat Stefan Heymann seine Foren jetzt endg\u00fcltig geschlossen, was ich pers\u00f6nlich sehr traurig finde. Die Links zu den Foren unten funktionieren also leider nicht mehr. Ich nutze Homegallery immer noch sehr gerne und helfe auch gerne bei Fragen. Einfach &hellip; <a href=\"https:\/\/www.die-ritters.de\/blog\/homegallery.sturkopf\">Weiterlesen <span class=\"meta-nav\">&rarr;<\/span><\/a><\/p>\n","protected":false},"author":3,"featured_media":0,"comment_status":"open","ping_status":"open","sticky":false,"template":"","format":"standard","meta":{"footnotes":""},"categories":[1],"tags":[152,21],"class_list":["post-42","post","type-post","status-publish","format-standard","hentry","category-allgemein","tag-homegallery","tag-software"],"_links":{"self":[{"href":"https:\/\/www.die-ritters.de\/blog\/wp-json\/wp\/v2\/posts\/42","targetHints":{"allow":["GET"]}}],"collection":[{"href":"https:\/\/www.die-ritters.de\/blog\/wp-json\/wp\/v2\/posts"}],"about":[{"href":"https:\/\/www.die-ritters.de\/blog\/wp-json\/wp\/v2\/types\/post"}],"author":[{"embeddable":true,"href":"https:\/\/www.die-ritters.de\/blog\/wp-json\/wp\/v2\/users\/3"}],"replies":[{"embeddable":true,"href":"https:\/\/www.die-ritters.de\/blog\/wp-json\/wp\/v2\/comments?post=42"}],"version-history":[{"count":2,"href":"https:\/\/www.die-ritters.de\/blog\/wp-json\/wp\/v2\/posts\/42\/revisions"}],"predecessor-version":[{"id":840,"href":"https:\/\/www.die-ritters.de\/blog\/wp-json\/wp\/v2\/posts\/42\/revisions\/840"}],"wp:attachment":[{"href":"https:\/\/www.die-ritters.de\/blog\/wp-json\/wp\/v2\/media?parent=42"}],"wp:term":[{"taxonomy":"category","embeddable":true,"href":"https:\/\/www.die-ritters.de\/blog\/wp-json\/wp\/v2\/categories?post=42"},{"taxonomy":"post_tag","embeddable":true,"href":"https:\/\/www.die-ritters.de\/blog\/wp-json\/wp\/v2\/tags?post=42"}],"curies":[{"name":"wp","href":"https:\/\/api.w.org\/{rel}","templated":true}]}}