{"id":346,"date":"2008-07-06T12:44:21","date_gmt":"2008-07-06T10:44:21","guid":{"rendered":"http:\/\/www.die-ritters.de\/blog\/?p=346"},"modified":"2008-07-06T17:11:38","modified_gmt":"2008-07-06T15:11:38","slug":"zw-auf-kreuzfahrt-10","status":"publish","type":"post","link":"https:\/\/www.die-ritters.de\/blog\/zw-auf-kreuzfahrt-10.sturkopf","title":{"rendered":"Zw&#8230; auf Kreuzfahrt &#8211; 10"},"content":{"rendered":"<p><strong>14. Juni 2008 &#8211; 524 Seemeilen bis Honningsv\u00c3\u00a5g<\/strong><\/p>\n<p><strong>&#8230;aber so weit ist es noch nicht. Gegen 8 uhr kommen wir in Longyearbyen, der Hauptstadt von Spitzbergen an. Zwei Tage habe ich mir die Augen rausgeguckt, um einen Eisb\u00e4ren zu sehen, nix war&#8217;s! Aber heute&#8230;<\/strong><\/p>\n<p align=\"center\"><img loading=\"lazy\" decoding=\"async\" src=\"https:\/\/www.die-ritters.de\/blog\/wp-content\/uploads\/tag10-k.jpg\" alt=\"tag10-k\" width=\"452\" height=\"306\" \/><\/p>\n<p>Doch erst mal der Reihe nach. Schon nach der Abfahrt in Bremerhaven wurden wir darauf hingewiesen, da\u00df in Longyearbyen ein zus\u00e4tzlicher &#8222;Ausflug&#8220; ins Programm genommen w\u00e4re, um vom weit entfernten Hafen in die Stadt zu gelangen. Es konnte also f\u00fcr 15 Euro eine Fahrt mit dem Bus gebucht werden. Bei vielen G\u00e4sten hat&#8217;s geklappt, bei mir und Uwe nicht, denn ich war schon mal da. Auch damals, mit einem anderen Schiff und Veranstalter, die gleiche Ank\u00fcndigung der angeblich &#8222;n\u00f6tigen&#8220; Busfahrt. Da ich aber wu\u00dfte, da\u00df der Weg in die Stadt vielleicht einen oder maximal zwei Kilometer betr\u00e4gt, sind wir nat\u00fcrlich gelaufen, was uns in die Lage brachte, auch der \u00f6rtlichen Kirche einen Besuch abzustatten, an der der Bus mit den abgezockten G\u00e4sten nur vorbei donnerte.<\/p>\n<p align=\"center\"><img loading=\"lazy\" decoding=\"async\" src=\"https:\/\/www.die-ritters.de\/blog\/wp-content\/uploads\/t10-2.jpg\" alt=\"t10-2\" width=\"452\" height=\"307\" \/><\/p>\n<p>Auf das Schuhe ausziehen, um das mittels gro\u00dfem Schild und zwei gro\u00dfen Regalen mit Haus-Schlappern gebeten wurde, haben unsere Mona Lisa-Proleten im Gro\u00dfen und Ganzen verzichtet und haben die R\u00e4umlichkeiten mit ihren Stra\u00dfenschuhen verdreckt. Wahrscheinlich die gleichen, bei denen zu Hause man nur in Socken in die Wohnung darf. &#8222;Hauptsache mir geht&#8217;s gut, also Ellenbogen raus, Augen zu, und durch&#8220; war unser Eindruck.<\/p>\n<p>Durch ein sehr sch\u00f6nes Gemeindezentrum, in dem Postkarten, Kalender des \u00f6rtlichen Fotoclubs und B\u00fccher verkauft wurden, gelangt man in den eigentlichen Kirchenraum mit einem sch\u00f6nen, modernen Altarbild. Die Cafeteria im Gemeindezentrum war leider nicht besetzt, aber wir hatten endlich unseren ersten Eisb\u00e4ren gesehen, der ausgestopft am Fenster stand. (Ihn habe ich dann sp\u00e4ter auf dem Schiff zur gestern gezeigten Postkarte verarbeitet, um die Daheimgebliebenen ein wenig zu verbl\u00fcffen.)<\/p>\n<p>Wir sind, nach einer kurzen Besinnungsphase, weiter spaziert, nicht ohne uns ein bis zwei der wundersch\u00f6nen Kalender, sowie eine Postkarte gekauft zu haben. Ganz der nordischen Mentalit\u00e4t und dem Vertrauen entsprechend, die ich bei vielen Skandinavien-Urlauben vorher schon so oft angenehm kennen gelernt hatte, konnte man den Preis f\u00fcr die Mitbringsel einer Preisliste entnehmen und das Geld einfach in ein offenes K\u00f6rbchen legen.<\/p>\n<p>Ich hoffe nur, da\u00df es nicht in einem Geldbeutel eines der Schiffsproleten entschwunden ist. So wie die sich aufgef\u00fchrt haben, w\u00e4re das vermutlich kein Wunder.<\/p>\n<p>Die Stadt wurde als Bergbaustadt von einem Amerikaner Namens John Munroe Longyear gegr\u00fcndet. Ihm zu Ehren hei\u00dft die Stadt nun so.<\/p>\n<p align=\"center\"><img loading=\"lazy\" decoding=\"async\" src=\"https:\/\/www.die-ritters.de\/blog\/wp-content\/uploads\/t10-3.jpg\" alt=\"t10-3\" width=\"306\" height=\"452\" \/><\/p>\n<p>Auch das Denkmal in der 100 Meter langen Fu\u00dfg\u00e4ngerzone erinnert an diese Bergbauzeiten. Heute wird auf Spitzbergen haupts\u00e4chlich noch von den Russen in Barentsburg Bergbau betrieben.<\/p>\n<p><img loading=\"lazy\" decoding=\"async\" src=\"https:\/\/www.die-ritters.de\/blog\/wp-content\/uploads\/t10-3a.jpg\" alt=\"t10-3a\" width=\"265\" height=\"251\" align=\"left\" \/>Viel hat sich seit meinem letzten Besuch nicht ver\u00e4ndert. Nur das Internet-Caf\u00c3\u00a9 gibt&#8217;s nicht mehr &#8211; das Haus wird gerade umgebaut. Der Papp-Eisb\u00e4r hinter dem Fenster eines Einkaufsladens ist auch nicht mehr da.<\/p>\n<p>\u00dcberall stehen die Schneescooter rum, die bis auf die wenigen Hochsommermonate das Hauptverkehrsmittel auf der Insel darstellen.<\/p>\n<p>Waffen d\u00fcrfen beim Briefmarken kaufen in der \u00f6rtlichen Post immer noch nicht mitgenommen werden.<\/p>\n<p>Nur die H\u00e4user sind seit 2003 deutlich bunter geworden. \u00dcberhaupt wurde viel gebaut und die Einwohnerzahl hat anscheinend auch deutlich zugenommen. Heute leben fast 2000 Einwohner in der Stadt.<\/p>\n<p align=\"center\"><img loading=\"lazy\" decoding=\"async\" src=\"https:\/\/www.die-ritters.de\/blog\/wp-content\/uploads\/t10-4.jpg\" alt=\"t10-4\" width=\"452\" height=\"306\" \/><\/p>\n<p>Heute lebt die Stadt haupts\u00e4chlich von Forschung und vom Tourismus. Wir haben das an zwei Dingen besonders gut sehen k\u00f6nnen:<\/p>\n<p><a title=\"Dieses Bild gr\u00f6\u00dfer, damit man auch was lesen kann.\" href=\"https:\/\/www.die-ritters.de\/blog\/pics\/t10-4a-g.jpg\" target=\"_blank\"><img loading=\"lazy\" decoding=\"async\" src=\"https:\/\/www.die-ritters.de\/blog\/wp-content\/uploads\/t10-4a-k.jpg\" alt=\"t10-4a-k\" width=\"265\" height=\"178\" align=\"left\" \/><\/a>1) Neben einer Galerie steht eine Halterung mit vielen Bambus-St\u00f6cken, deren Einsatzzweck man sich auf den ersten Blick nicht erkl\u00e4ren kann. Erst wenn der geneigte Tourist das Schild liest, kl\u00e4rt sich die Situation. Ein Klick auf das kleine Bildchen rechts l\u00e4sst auch den Leser dieses Blogbeitrags teilhaben.<\/p>\n<p>Die Art der Erkl\u00e4rung und ihre Bebilderung finde ich einfach nur s\u00fc\u00df.<\/p>\n<p>2) fand, just als wir in der Stadt unterwegs waren, der n\u00f6rdlichste Marathon der Welt, der Spitzbergen-Marathon statt. Wir haben uns noch gewundert, als ein Radler mit geschulterter Flinte und hinter ihm ein L\u00e4ufer in strammem Tempo an uns vorbeizogen. Das kann doch nicht sein, dachten wir uns, da\u00df hier die Sportler mit Waffengewalt zu H\u00f6chstleistungen gezwungen werden&#8230;<\/p>\n<p>Es war der Spitzenreiter des Marathons, wie wir dann von Streckenposten und Sanit\u00e4tern am Stra\u00dfenrand erfahren haben. Da die Strecke \u00fcber freies Gel\u00e4nde f\u00fchrt, mu\u00df nat\u00fcrlich f\u00fcr den Schutz der L\u00e4ufer vor den Eisb\u00e4ren gesorgt werden. Einen, der mich an meine eigene Heimat erinnert hat, habe ich dann noch f\u00fcr&#8217;s Reisetagebuch fotografiert.<\/p>\n<p align=\"center\"><img loading=\"lazy\" decoding=\"async\" src=\"https:\/\/www.die-ritters.de\/blog\/wp-content\/uploads\/t10-5.jpg\" alt=\"t10-5\" width=\"306\" height=\"452\" \/><\/p>\n<p>Trotz seiner Verkleidung war er relativ weit vorne mit dabei. Ich w\u00fcnsche ihm, da\u00df er&#8217;s zumindest noch auf&#8217;s Treppchen geschafft hat. (Der Ma\u00dfkrug war \u00fcbrigens aufblasbar und aus Plastik).<\/p>\n<p>Schlie\u00dflich wurde die Zeit knapp und wir sind wieder zur\u00fcck zum Dampfer spaziert, der w\u00e4hrend der ca. 4 Stunden Liegezeit wenigstens \u00e4u\u00dferlich wieder &#8222;auf Hochglanz&#8220; gewienert wurde. Der Entertainer unter den Matrosen zeigt uns, wie man mit Gartenschlauch und einer geschickt gebundenen Schlaufe Fenster putzen kann.<\/p>\n<p align=\"center\"><img loading=\"lazy\" decoding=\"async\" src=\"https:\/\/www.die-ritters.de\/blog\/wp-content\/uploads\/t10-6.jpg\" alt=\"t10-6\" width=\"229\" height=\"452\" \/><\/p>\n<p>Als gegen 11:30 Uhr alle an Bord sind, legen wir ab und es geht los in Richtung Norwegen, nach Honningsv\u00c3\u00a5g und zum Nordkap. Wir genie\u00dfen an Deck die Sonne und die wunderbare Landschaft Spitzbergens, froh, da\u00df der heutige Tag neben Freizeit an Land und Spaziergang auch ausgiebig Gelegenheit zum Fotografieren enthielt.<\/p>\n<p align=\"center\"><img loading=\"lazy\" decoding=\"async\" src=\"https:\/\/www.die-ritters.de\/blog\/wp-content\/uploads\/t10-7.jpg\" alt=\"t10-7\" width=\"452\" height=\"306\" \/><\/p>\n","protected":false},"excerpt":{"rendered":"<p>14. Juni 2008 &#8211; 524 Seemeilen bis Honningsv\u00c3\u00a5g &#8230;aber so weit ist es noch nicht. Gegen 8 uhr kommen wir in Longyearbyen, der Hauptstadt von Spitzbergen an. Zwei Tage habe ich mir die Augen rausgeguckt, um einen Eisb\u00e4ren zu sehen, &hellip; <a href=\"https:\/\/www.die-ritters.de\/blog\/zw-auf-kreuzfahrt-10.sturkopf\">Weiterlesen <span class=\"meta-nav\">&rarr;<\/span><\/a><\/p>\n","protected":false},"author":3,"featured_media":0,"comment_status":"open","ping_status":"open","sticky":false,"template":"","format":"standard","meta":{"footnotes":""},"categories":[36],"tags":[32,44,33,43],"class_list":["post-346","post","type-post","status-publish","format-standard","hentry","category-reiseberichte","tag-kreuzfahrt","tag-longyearbyen","tag-mona-lisa","tag-spitzbergen"],"_links":{"self":[{"href":"https:\/\/www.die-ritters.de\/blog\/wp-json\/wp\/v2\/posts\/346","targetHints":{"allow":["GET"]}}],"collection":[{"href":"https:\/\/www.die-ritters.de\/blog\/wp-json\/wp\/v2\/posts"}],"about":[{"href":"https:\/\/www.die-ritters.de\/blog\/wp-json\/wp\/v2\/types\/post"}],"author":[{"embeddable":true,"href":"https:\/\/www.die-ritters.de\/blog\/wp-json\/wp\/v2\/users\/3"}],"replies":[{"embeddable":true,"href":"https:\/\/www.die-ritters.de\/blog\/wp-json\/wp\/v2\/comments?post=346"}],"version-history":[{"count":0,"href":"https:\/\/www.die-ritters.de\/blog\/wp-json\/wp\/v2\/posts\/346\/revisions"}],"wp:attachment":[{"href":"https:\/\/www.die-ritters.de\/blog\/wp-json\/wp\/v2\/media?parent=346"}],"wp:term":[{"taxonomy":"category","embeddable":true,"href":"https:\/\/www.die-ritters.de\/blog\/wp-json\/wp\/v2\/categories?post=346"},{"taxonomy":"post_tag","embeddable":true,"href":"https:\/\/www.die-ritters.de\/blog\/wp-json\/wp\/v2\/tags?post=346"}],"curies":[{"name":"wp","href":"https:\/\/api.w.org\/{rel}","templated":true}]}}