{"id":302,"date":"2008-06-30T18:37:02","date_gmt":"2008-06-30T16:37:02","guid":{"rendered":"http:\/\/www.die-ritters.de\/blog\/?p=302"},"modified":"2008-06-30T20:17:43","modified_gmt":"2008-06-30T18:17:43","slug":"zw-auf-kreuzfahrt-5","status":"publish","type":"post","link":"https:\/\/www.die-ritters.de\/blog\/zw-auf-kreuzfahrt-5.sturkopf","title":{"rendered":"Zw&#8230; auf Kreuzfahrt &#8211; 5"},"content":{"rendered":"<p><strong>9. Juni 2008 &#8211; 325 Seemeilen<\/strong><\/p>\n<p><strong>Wieder relativ fr\u00fch, gegen 7 Uhr erreichen wir den Hafen von Reykjavik auf Island. Heute nacht haben wir unsere Uhren um eine weitere Stunde zur\u00fcck gestellt. Heute steht der zweite Ausflug dieser Reise an, ein Tagesausflug zum Geysir und zum Gullfoss Wasserfall.<\/strong><\/p>\n<p align=\"center\"><img loading=\"lazy\" decoding=\"async\" src=\"https:\/\/www.die-ritters.de\/blog\/wp-content\/uploads\/tag05-k.jpg\" alt=\"tag05-k\" width=\"306\" height=\"452\" \/><\/p>\n<p>Petur, unser isl\u00e4ndischer Begleiter hat mich mit seinem geschliffenen Deutsch in makelloser Grammatik ziemlich beeindruckt. Ein Ausflug, bei dem ich viel \u00fcber Island, seine Geschichte und seine Menschen lernen konnte. Die Landschaft, wundersch\u00f6n im Licht, huschte auf dem ersten Teil der Fahrt leider wieder mal an uns vorbei. Fotostop war nicht, obwohl die Isl\u00e4nder an dieser wundersch\u00f6nen Stelle einen Aussichtspunkt mit Parkplatz angelegt hatten. Der erste Halt f\u00fcrhrte uns an die Auseinanderdriftkante der europ\u00e4ischen und der amerikanischen Platte in der N\u00e4he von Thingsvellir.<\/p>\n<p align=\"center\"><img loading=\"lazy\" decoding=\"async\" src=\"https:\/\/www.die-ritters.de\/blog\/wp-content\/uploads\/t05-1.jpg\" alt=\"t05-1\" width=\"452\" height=\"306\" \/><\/p>\n<p>Wir hatten Gelegenheit, an dieser Schlucht einige hundert Meter zu Fu\u00df zu spazieren. Uwe und ich, sowie einer unserer Schiffsfotografen versuchten, uns ganz am Ende der langen Menschenschlange zu bewegen und sind dann auch das eine oder andere mal ein klein wenig vom Weg abgewichen, was mit sch\u00f6nen, menschenlosen Ausblicken, auch auf einen kleinen Wasserfall, belohnt wurde. Da wir als letzte zum Bus zur\u00fcck kamen, wurden wir mit teils doch etwas d\u00fcsteren Blicken begr\u00fc\u00dft. Eine halbe Stunde mehr an verf\u00fcgbarer Freizeit h\u00e4tte auch hier gut getan, denn die letzten Meter mu\u00dften wir dann doch im Schweinsgalopp zur\u00fccklegen, um nicht all zu sehr zu \u00fcberziehen. Und weiter ging&#8217;s zum gro\u00dfen Geysir&#8230;<\/p>\n<p align=\"center\"><img loading=\"lazy\" decoding=\"async\" src=\"https:\/\/www.die-ritters.de\/blog\/wp-content\/uploads\/t05-2.jpg\" alt=\"t05-2\" width=\"306\" height=\"452\" \/><\/p>\n<p>Hier hatte ich eine viel, viel beeindruckendere Landschaft erwartet. Irgendwie habe ich mir Island ein wenig m\u00e4chtiger, schroffer und brachialer vorgestellt. Wenigstens hat der kleine Bruder des gro\u00dfen Geysir, von dem ja die &#8222;Geysire&#8220; bekanntlich ihren Namen haben, so rechtzeitig schnell noch geblasen, da\u00df noch gen\u00fcgend Zeit blieb, ins angrenzende Hotel zu gelangen, um Essen zu fassen. Es gab lecker Suppe und Fisch, sehr schmackhaft und gut gew\u00fcrzt. &#8222;Na also, geht doch&#8220; dachte ich mir und erinnerte mich an das letzte Abendmen\u00fc auf dem Schiff, bei dem am ziemlich zerfallenen schwarzen Heilbutt wieder das Salz und andere Gew\u00fcrze fehlten.<\/p>\n<p>Wenigstens am Ende f\u00fchlte ich mich doch wieder ganz zu Hause im &#8222;Hotel Geysir&#8220;, denn der bestellte und versprochene Kaffee kam, wie in sch\u00f6nger Regelm\u00e4\u00dfigkeit auf dem Dampfer, auch hier nicht. Nur einige Hardcore-Tischnachbarn haben&#8217;s ausgesessen und sind dann anscheinend doch noch bedient worden, was unserem Bus dann etwa 10 Minuten Versp\u00e4tung einbrachte. (Nein! &#8211; Meine Blicke waren nicht finster! &#8211; So was l\u00e4sst mich eher kalt!)<\/p>\n<p>Weiter ging&#8217;s mit einer knappen Stunde Zeit am &#8222;Gullfoss&#8220;, einem der gr\u00f6\u00dften und wohl auch sch\u00f6nsten Wasserf\u00e4lle Islands.<\/p>\n<p align=\"center\"><img loading=\"lazy\" decoding=\"async\" src=\"https:\/\/www.die-ritters.de\/blog\/wp-content\/uploads\/t05-3.jpg\" alt=\"t05-3\" width=\"452\" height=\"306\" \/><\/p>\n<p>Grausam kurz habe ich die Zeit empfunden. Hier h\u00e4tte ich locker 2 bis 3 Stunden zubringen k\u00f6nnen. Langzeitbelilchtungen vom Stativ waren nicht drin, weil ich zu faul war, mein eigenes Stativ mit zu schleppen und Uwe seines nat\u00fcrlich selbst gebraucht hat. So mu\u00dfte ich mich mit meinem Bohnensack begn\u00fcgen, um wenigstens einige Lochkamera-Aufnahmen mit nach Hause zu bringen.<\/p>\n<p>Beeindruckend an Island sind die schnellen Wetterwechsel. So schnell kann man gar nicht schauen, wie sich Sonne und Regen abwechseln. So kamen wir an einem wundersch\u00f6nen Kratersee bei str\u00f6menden Regen an, aber wir sind ja nicht aus Zucker. Au\u00dferdem hat&#8217;s dann doch wieder aufgeh\u00f6rt, als die anderen schon wieder wartend im Bus sa\u00dfen und das Ruheb\u00e4nkchen war frei.<\/p>\n<p align=\"center\"><img loading=\"lazy\" decoding=\"async\" src=\"https:\/\/www.die-ritters.de\/blog\/wp-content\/uploads\/t05-4a.jpg\" alt=\"t05-4a\" width=\"306\" height=\"452\" \/><\/p>\n<p align=\"center\"><img loading=\"lazy\" decoding=\"async\" src=\"https:\/\/www.die-ritters.de\/blog\/wp-content\/uploads\/t05-4.jpg\" alt=\"t05-4\" width=\"306\" height=\"452\" \/><\/p>\n<p>So, jetzt aber schnell zur\u00fcck nach Reykjavik, nicht ohne noch den wohl obligatorischen &#8222;Shopping-Halt&#8220; an einem Gartencenter eingelegt zu haben. Was w\u00e4re ich froh gewesen, diese ca. 45 Minuten an den vorherigen sch\u00f6nen Stellen verf\u00fcgbar gehabt zu haben&#8230;<\/p>\n<p>Ein Halt an der &#8222;Perlan&#8220;, einem zum Museum mit Aussichtsplattform ausgebauten Hie\u00dfwasserspeicher lie\u00df uns noch einen wundersch\u00f6nen Ausblick \u00fcber das jetzt schon wieder sonnige Reykjavik mit seinem Dom geniessen.<\/p>\n<p align=\"center\"><img loading=\"lazy\" decoding=\"async\" src=\"https:\/\/www.die-ritters.de\/blog\/wp-content\/uploads\/t05-5.jpg\" alt=\"t05-5\" width=\"452\" height=\"306\" \/><\/p>\n<p>Ein bisschen Zeit zum &#8222;Runterkommen&#8220; und Sammeln, nach all den Eindr\u00fccken des zur\u00fcckliegenden Tagesausflugs, dann ging&#8217;s zur\u00fcck zum Dampfer &#8211; &#8222;Alle an Bord um 16:30 Uhr&#8220; hie\u00df es, auch f\u00fcr die unten abgebildeten vier Mitreisenden, die wohl einen Ausflug ohne Mittagessen gebucht hatten und denen die Kost an Bord auch nicht so ganz zugesagt zu haben schien&#8230; \ud83d\ude09<\/p>\n<p align=\"center\"><img loading=\"lazy\" decoding=\"async\" src=\"https:\/\/www.die-ritters.de\/blog\/wp-content\/uploads\/t05-6.jpg\" alt=\"t05-6\" width=\"452\" height=\"306\" \/><\/p>\n<p style=\"text-align: left;\"><a title=\"Uwes Tag 5\" href=\"http:\/\/uwes-bilder.de\/wp\/?p=352\" target=\"_blank\">Zum Uwe gucken&#8230;<\/a><\/p>\n","protected":false},"excerpt":{"rendered":"<p>9. Juni 2008 &#8211; 325 Seemeilen Wieder relativ fr\u00fch, gegen 7 Uhr erreichen wir den Hafen von Reykjavik auf Island. Heute nacht haben wir unsere Uhren um eine weitere Stunde zur\u00fcck gestellt. Heute steht der zweite Ausflug dieser Reise an, &hellip; <a href=\"https:\/\/www.die-ritters.de\/blog\/zw-auf-kreuzfahrt-5.sturkopf\">Weiterlesen <span class=\"meta-nav\">&rarr;<\/span><\/a><\/p>\n","protected":false},"author":3,"featured_media":0,"comment_status":"open","ping_status":"open","sticky":false,"template":"","format":"standard","meta":{"footnotes":""},"categories":[36],"tags":[37,32,33,38],"class_list":["post-302","post","type-post","status-publish","format-standard","hentry","category-reiseberichte","tag-island","tag-kreuzfahrt","tag-mona-lisa","tag-reykjavik"],"_links":{"self":[{"href":"https:\/\/www.die-ritters.de\/blog\/wp-json\/wp\/v2\/posts\/302","targetHints":{"allow":["GET"]}}],"collection":[{"href":"https:\/\/www.die-ritters.de\/blog\/wp-json\/wp\/v2\/posts"}],"about":[{"href":"https:\/\/www.die-ritters.de\/blog\/wp-json\/wp\/v2\/types\/post"}],"author":[{"embeddable":true,"href":"https:\/\/www.die-ritters.de\/blog\/wp-json\/wp\/v2\/users\/3"}],"replies":[{"embeddable":true,"href":"https:\/\/www.die-ritters.de\/blog\/wp-json\/wp\/v2\/comments?post=302"}],"version-history":[{"count":0,"href":"https:\/\/www.die-ritters.de\/blog\/wp-json\/wp\/v2\/posts\/302\/revisions"}],"wp:attachment":[{"href":"https:\/\/www.die-ritters.de\/blog\/wp-json\/wp\/v2\/media?parent=302"}],"wp:term":[{"taxonomy":"category","embeddable":true,"href":"https:\/\/www.die-ritters.de\/blog\/wp-json\/wp\/v2\/categories?post=302"},{"taxonomy":"post_tag","embeddable":true,"href":"https:\/\/www.die-ritters.de\/blog\/wp-json\/wp\/v2\/tags?post=302"}],"curies":[{"name":"wp","href":"https:\/\/api.w.org\/{rel}","templated":true}]}}