{"id":293,"date":"2008-06-26T20:07:54","date_gmt":"2008-06-26T18:07:54","guid":{"rendered":"http:\/\/www.die-ritters.de\/blog\/?p=293"},"modified":"2018-05-22T17:36:15","modified_gmt":"2018-05-22T15:36:15","slug":"zw-auf-kreuzfahrt-4","status":"publish","type":"post","link":"https:\/\/www.die-ritters.de\/blog\/zw-auf-kreuzfahrt-4.sturkopf","title":{"rendered":"Zw&#8230; auf Kreuzfahrt &#8211; 4"},"content":{"rendered":"<p><strong>8. Juni 2008 &#8211; 693 Seemeilen<\/strong><\/p>\n<p><strong>Gestern abend war der erste Gala-Abend. Es war also Verkleiden angesagt und ich war im dunklen Anzug und mit Krawatte unterwegs. Ich habe mir Ente geg\u00f6nnt, an meine erste Mona Lisa-Reise 2003 denkend, als es Barbarie Entenbrust gab, innen wunderbar rosa, mit \u00e4u\u00dferst schmackhaften Beilagen und einem wunderbaren S\u00f6\u00dfchen. Reingefallen! &#8211; Wie schon die Abende vorher, Kantinenniveau, ungew\u00fcrzt und salzlos. Aber zur\u00fcck zum heutigen Seetag:<\/strong><\/p>\n<p align=\"center\"><img loading=\"lazy\" decoding=\"async\" class=\"alignnone size-full wp-image-1489\" src=\"https:\/\/www.die-ritters.de\/blog\/wp-content\/uploads\/tag04-k.jpg\" alt=\"\" width=\"359\" height=\"452\" \/><\/p>\n<p>Im Laufe des heutigen Tages fehlten die vielen in die Glel\u00e4nder gesteckten T\u00fcten an vielen Stellen. Da haben sich wohl doch einige der Passagiere das gestrige Gala-Dinner nochmal durch den Kopf gehen lassen. Zur Kaffeezeit war nicht viel los, auf dem Lido-Deck.<\/p>\n<p align=\"center\"><img loading=\"lazy\" decoding=\"async\" class=\"alignnone size-full wp-image-1488\" src=\"https:\/\/www.die-ritters.de\/blog\/wp-content\/uploads\/t04-1.jpg\" alt=\"\" width=\"452\" height=\"342\" \/><\/p>\n<p>Ich hatte vorgesorgt und erst mal eine Reisetablette genommen. Dadurch ging&#8217;s mir hervorragend. Mittag- und Abendessen konnte ich ohne gro\u00dfes Anstehen einnehmen und das Absacker-Weizenbier in der Freibeuterbar stellte das kulinarische Highlight des Tages dar.<\/p>\n<p>Von der Schaukelei habe ich mit meiner IXUS ein <a title=\"Format f\u00fcr Media-Player\" href=\"https:\/\/www.die-ritters.de\/blog\/pics\/schaukeln.wmv\">kleines Video<\/a> gemacht und schnell verkleinert.<\/p>\n<p><a title=\"Uwes Tag 4\" href=\"http:\/\/uwes-bilder.de\/wp\/?p=350\" target=\"_blank\" rel=\"noopener\">Zum Uwe gucken&#8230;<\/a><\/p>\n","protected":false},"excerpt":{"rendered":"<p>8. Juni 2008 &#8211; 693 Seemeilen Gestern abend war der erste Gala-Abend. Es war also Verkleiden angesagt und ich war im dunklen Anzug und mit Krawatte unterwegs. Ich habe mir Ente geg\u00f6nnt, an meine erste Mona Lisa-Reise 2003 denkend, als &hellip; <a href=\"https:\/\/www.die-ritters.de\/blog\/zw-auf-kreuzfahrt-4.sturkopf\">Weiterlesen <span class=\"meta-nav\">&rarr;<\/span><\/a><\/p>\n","protected":false},"author":3,"featured_media":0,"comment_status":"open","ping_status":"open","sticky":false,"template":"","format":"standard","meta":{"footnotes":""},"categories":[36],"tags":[32,33],"class_list":["post-293","post","type-post","status-publish","format-standard","hentry","category-reiseberichte","tag-kreuzfahrt","tag-mona-lisa"],"_links":{"self":[{"href":"https:\/\/www.die-ritters.de\/blog\/wp-json\/wp\/v2\/posts\/293","targetHints":{"allow":["GET"]}}],"collection":[{"href":"https:\/\/www.die-ritters.de\/blog\/wp-json\/wp\/v2\/posts"}],"about":[{"href":"https:\/\/www.die-ritters.de\/blog\/wp-json\/wp\/v2\/types\/post"}],"author":[{"embeddable":true,"href":"https:\/\/www.die-ritters.de\/blog\/wp-json\/wp\/v2\/users\/3"}],"replies":[{"embeddable":true,"href":"https:\/\/www.die-ritters.de\/blog\/wp-json\/wp\/v2\/comments?post=293"}],"version-history":[{"count":2,"href":"https:\/\/www.die-ritters.de\/blog\/wp-json\/wp\/v2\/posts\/293\/revisions"}],"predecessor-version":[{"id":1491,"href":"https:\/\/www.die-ritters.de\/blog\/wp-json\/wp\/v2\/posts\/293\/revisions\/1491"}],"wp:attachment":[{"href":"https:\/\/www.die-ritters.de\/blog\/wp-json\/wp\/v2\/media?parent=293"}],"wp:term":[{"taxonomy":"category","embeddable":true,"href":"https:\/\/www.die-ritters.de\/blog\/wp-json\/wp\/v2\/categories?post=293"},{"taxonomy":"post_tag","embeddable":true,"href":"https:\/\/www.die-ritters.de\/blog\/wp-json\/wp\/v2\/tags?post=293"}],"curies":[{"name":"wp","href":"https:\/\/api.w.org\/{rel}","templated":true}]}}