{"id":197,"date":"2007-10-08T21:19:02","date_gmt":"2007-10-08T19:19:02","guid":{"rendered":"http:\/\/www.die-ritters.de\/blog\/?p=197"},"modified":"2008-07-07T20:36:38","modified_gmt":"2008-07-07T18:36:38","slug":"ballonfahrt-im-koenigswinkel","status":"publish","type":"post","link":"https:\/\/www.die-ritters.de\/blog\/ballonfahrt-im-koenigswinkel.sturkopf","title":{"rendered":"Ballonfahrt im K\u00f6nigswinkel"},"content":{"rendered":"<p><strong><a title=\"Vor dem Start und Aufbau des Ballons\" href=\"https:\/\/www.die-ritters.de\/blog\/pics\/vordemstart.kmz\" target=\"_blank\"><img loading=\"lazy\" decoding=\"async\" src=\"https:\/\/www.die-ritters.de\/blog\/wp-content\/uploads\/bs-1-k.jpg\" alt=\"bs-1-k\" width=\"306\" height=\"452\" align=\"left\" \/><\/a>Am 3. Oktober hatte ich die Freude, die Ballonfahrt meiner Freunde Inge und Hartmut fotografisch vom Boden aus begleiten zu d\u00fcrfen.<\/strong><\/p>\n<p>Da\u00df ich selbst nicht mitfahren durfte, kann ich ausnahmsweise verzeihen, zumal ich selbst fr\u00fcher auch schon Gelegenheit hatte, eine Fahrt von Sonthofen aus das Illertal entlang bis fast nach Kempten zu genie\u00dfen.<\/p>\n<p>Jedenfalls hab ich jetzt wieder Lust bekommen, mir demn\u00e4chst wieder eine Ballonfahrt zu g\u00f6nnen. Diesmal m\u00f6chte ich im Winter fahren und habe mich entschlossen, beim Veranstalter der Ballonfahrt meiner Freunde, <a title=\"Mit denen sind Inge und Hartmut gefahren\" href=\"http:\/\/www.bavaria-ballon.de\/\" target=\"_blank\">Bavaria Ballonfahrten<\/a>, zu buchen. Die Freundlichkeit des Piloten Thomas und des Boden-Teams haben mich sehr beeindruckt.<\/p>\n<p>Da die Firma in Seeg im Allg\u00e4u ans\u00e4ssig ist, besteht die M\u00f6glichkeit im &#8222;K\u00f6nigswinkel&#8220; zu fahren und eventuell die K\u00f6nigschl\u00f6sser und die Wieskirche von oben zu sehen. Ich bin mittlerweile schon so hei\u00df drauf, da\u00df der Thomas vermutlich gar kein Gas mehr mitnehmen mu\u00df!<\/p>\n<p>Mehr Bilder von der obigen Fahrt gibt&#8217;s in K\u00fcrze in einer eigenen Galerie.<br \/>\n&#8230;na gut, eines noch, zum Anf\u00fcttern:<\/p>\n<p align=\"center\"><a title=\"Die eigentliche Ballonfahrt. Die GPS-Koordinaten der Bilder zeigen den Standort des Ballons.\" href=\"https:\/\/www.die-ritters.de\/blog\/pics\/dieballonfahrt_mitroute.kmz\" target=\"_blank\"><img loading=\"lazy\" decoding=\"async\" src=\"https:\/\/www.die-ritters.de\/blog\/wp-content\/uploads\/bs-5-k.jpg\" alt=\"bs-5-k\" width=\"452\" height=\"306\" \/><\/a><\/p>\n","protected":false},"excerpt":{"rendered":"<p>Am 3. Oktober hatte ich die Freude, die Ballonfahrt meiner Freunde Inge und Hartmut fotografisch vom Boden aus begleiten zu d\u00fcrfen. Da\u00df ich selbst nicht mitfahren durfte, kann ich ausnahmsweise verzeihen, zumal ich selbst fr\u00fcher auch schon Gelegenheit hatte, eine &hellip; <a href=\"https:\/\/www.die-ritters.de\/blog\/ballonfahrt-im-koenigswinkel.sturkopf\">Weiterlesen <span class=\"meta-nav\">&rarr;<\/span><\/a><\/p>\n","protected":false},"author":3,"featured_media":0,"comment_status":"open","ping_status":"open","sticky":false,"template":"","format":"standard","meta":{"footnotes":""},"categories":[36],"tags":[14],"class_list":["post-197","post","type-post","status-publish","format-standard","hentry","category-reiseberichte","tag-ballonfahrt"],"_links":{"self":[{"href":"https:\/\/www.die-ritters.de\/blog\/wp-json\/wp\/v2\/posts\/197","targetHints":{"allow":["GET"]}}],"collection":[{"href":"https:\/\/www.die-ritters.de\/blog\/wp-json\/wp\/v2\/posts"}],"about":[{"href":"https:\/\/www.die-ritters.de\/blog\/wp-json\/wp\/v2\/types\/post"}],"author":[{"embeddable":true,"href":"https:\/\/www.die-ritters.de\/blog\/wp-json\/wp\/v2\/users\/3"}],"replies":[{"embeddable":true,"href":"https:\/\/www.die-ritters.de\/blog\/wp-json\/wp\/v2\/comments?post=197"}],"version-history":[{"count":0,"href":"https:\/\/www.die-ritters.de\/blog\/wp-json\/wp\/v2\/posts\/197\/revisions"}],"wp:attachment":[{"href":"https:\/\/www.die-ritters.de\/blog\/wp-json\/wp\/v2\/media?parent=197"}],"wp:term":[{"taxonomy":"category","embeddable":true,"href":"https:\/\/www.die-ritters.de\/blog\/wp-json\/wp\/v2\/categories?post=197"},{"taxonomy":"post_tag","embeddable":true,"href":"https:\/\/www.die-ritters.de\/blog\/wp-json\/wp\/v2\/tags?post=197"}],"curies":[{"name":"wp","href":"https:\/\/api.w.org\/{rel}","templated":true}]}}