{"id":182,"date":"2007-07-08T13:38:29","date_gmt":"2007-07-08T12:38:29","guid":{"rendered":"http:\/\/www.die-ritters.de\/blog\/?p=182"},"modified":"2008-04-23T14:39:10","modified_gmt":"2008-04-23T12:39:10","slug":"2-fellheimer-floesserfest","status":"publish","type":"post","link":"https:\/\/www.die-ritters.de\/blog\/2-fellheimer-floesserfest.sturkopf","title":{"rendered":"2. Fellheimer Fl\u00f6\u00dferfest"},"content":{"rendered":"<p><strong><img loading=\"lazy\" decoding=\"async\" src=\"https:\/\/www.die-ritters.de\/blog\/wp-content\/uploads\/floesserfest01.jpg\" alt=\"floesserfest01\" width=\"342\" height=\"452\" align=\"left\" \/>&#8222;Die Yler ist ein gro\u00df Wasser\/Fisch und Fl\u00f6tzreich&#8220; &#8211; In den Jahren um 1850 war die Iller einer der drei durch die Fl\u00f6\u00dferei meist freqentierten Fl\u00fcssse Bayerns. An diese Zeiten soll mit dem Fl\u00f6\u00dferfest in Fellheim erinnert werden.<\/strong><\/p>\n<p>Daf\u00fcr hatten sich der Arbeitskreis Geschichte im Rahmen der Fellheimer Dorferneuerung und die ans\u00e4ssigen Vereine ein Fest ausgedacht, das im letzten Sommer erstmals an der Iller ausgerichtet wurde, das Fl\u00f6\u00dferfest.<\/p>\n<p>Dabei wird auch in diesem Jahr wieder ein F\u00e4hrdienst mit Boot angeboten, den Erwachsene f\u00fcr 20 Cent daf\u00fcr nutzen k\u00f6nnen, zum gegen\u00fcberliegenden Illerufer und damit direkt zum Fest zu kommen. Kinder fahren frei.<\/p>\n<p>Am gegen\u00fcberliegenden Ufer ist neben Tischen, B\u00e4nken und Verpflegungsstationen auch ein Parcours aufgebaut, in dem verschiedene Teams, die sich aus B\u00fcrgern von Fellheim und der umliegenden Gemeinden zusammenfanden und beim &#8222;Fl\u00f6\u00dferstechen&#8220; gegeneinander antreten.<\/p>\n<p align=\"center\"><img loading=\"lazy\" decoding=\"async\" src=\"https:\/\/www.die-ritters.de\/blog\/wp-content\/uploads\/floesserfest03.jpg\" alt=\"floesserfest03\" width=\"452\" height=\"342\" \/><\/p>\n<p>Bei Mittagsbratwurst, Kaffee und Kuchen und dem einen oder anderen Feierabendbierchen kann mit den Teams um den Sieg mitgefiebert und ein sch\u00f6ner Familiennachmittag verbracht werden.<\/p>\n<p align=\"center\"><img loading=\"lazy\" decoding=\"async\" src=\"https:\/\/www.die-ritters.de\/blog\/wp-content\/uploads\/floesserfest02.jpg\" alt=\"floesserfest02\" width=\"452\" height=\"343\" \/><\/p>\n<p>Und abends k\u00f6nnen sich die m\u00fcden Leber dann wieder mittels F\u00e4hre zur\u00fcck ans bayerische Ufer und nach Hause ins sch\u00f6ne Fellheim bringen lassen. Bestimmt wird die F\u00e4hre auch dieses Jahr wieder bis zum sp\u00e4ten Abend Dienst tun.<\/p>\n","protected":false},"excerpt":{"rendered":"<p>&#8222;Die Yler ist ein gro\u00df Wasser\/Fisch und Fl\u00f6tzreich&#8220; &#8211; In den Jahren um 1850 war die Iller einer der drei durch die Fl\u00f6\u00dferei meist freqentierten Fl\u00fcssse Bayerns. An diese Zeiten soll mit dem Fl\u00f6\u00dferfest in Fellheim erinnert werden. Daf\u00fcr hatten &hellip; <a href=\"https:\/\/www.die-ritters.de\/blog\/2-fellheimer-floesserfest.sturkopf\">Weiterlesen <span class=\"meta-nav\">&rarr;<\/span><\/a><\/p>\n","protected":false},"author":3,"featured_media":0,"comment_status":"open","ping_status":"open","sticky":false,"template":"","format":"standard","meta":{"footnotes":""},"categories":[1],"tags":[23],"class_list":["post-182","post","type-post","status-publish","format-standard","hentry","category-allgemein","tag-fellheim"],"_links":{"self":[{"href":"https:\/\/www.die-ritters.de\/blog\/wp-json\/wp\/v2\/posts\/182","targetHints":{"allow":["GET"]}}],"collection":[{"href":"https:\/\/www.die-ritters.de\/blog\/wp-json\/wp\/v2\/posts"}],"about":[{"href":"https:\/\/www.die-ritters.de\/blog\/wp-json\/wp\/v2\/types\/post"}],"author":[{"embeddable":true,"href":"https:\/\/www.die-ritters.de\/blog\/wp-json\/wp\/v2\/users\/3"}],"replies":[{"embeddable":true,"href":"https:\/\/www.die-ritters.de\/blog\/wp-json\/wp\/v2\/comments?post=182"}],"version-history":[{"count":0,"href":"https:\/\/www.die-ritters.de\/blog\/wp-json\/wp\/v2\/posts\/182\/revisions"}],"wp:attachment":[{"href":"https:\/\/www.die-ritters.de\/blog\/wp-json\/wp\/v2\/media?parent=182"}],"wp:term":[{"taxonomy":"category","embeddable":true,"href":"https:\/\/www.die-ritters.de\/blog\/wp-json\/wp\/v2\/categories?post=182"},{"taxonomy":"post_tag","embeddable":true,"href":"https:\/\/www.die-ritters.de\/blog\/wp-json\/wp\/v2\/tags?post=182"}],"curies":[{"name":"wp","href":"https:\/\/api.w.org\/{rel}","templated":true}]}}