{"id":178,"date":"2007-07-04T13:41:39","date_gmt":"2007-07-04T12:41:39","guid":{"rendered":"http:\/\/www.die-ritters.de\/blog\/?p=178"},"modified":"2008-08-03T16:20:54","modified_gmt":"2008-08-03T14:20:54","slug":"gps-import-mit-fixfoto-nachtrag","status":"publish","type":"post","link":"https:\/\/www.die-ritters.de\/blog\/gps-import-mit-fixfoto-nachtrag.sturkopf","title":{"rendered":"GPS-Import mit FixFoto &#8211; Nachtrag"},"content":{"rendered":"<p><strong>Es hat sich zum Thema GPS-Datenimport mit FixFoto noch ein wenig getan. Es lohnt sich, die neueste Beta aus dem FixFoto-Forum herunterzuladen, die noch einige Verbesserungen im GPS-Importbereich erfahren hat.<\/strong><\/p>\n<p>Au\u00dferdem hat Jochen ein erweitertes Skript zur Verf\u00fcgung gestellt, das zus\u00e4tzliche Einstell- und \u00dcberwachungsm\u00f6glichkeiten bietet. Das <a title=\"Link zum Skript im FixFoto-Forums-Zubeh\u00f6rbereich\" href=\"http:\/\/www.ffsf.de\/local_links.php?action=jump&amp;id=739&amp;catid=239\" target=\"_blank\">Script f\u00fcr den Import von GPS-Tracklogs<\/a>. wird ben\u00f6tigt f\u00fcr die in FF enthaltene Geotagging-Funktion &#8222;GPS-Koordinaten aus Trackliste&#8220; f\u00fcr Tracklogs von GPS-Ger\u00e4ten, die kein NMEA-Format erzeugen k\u00f6nnen.<br \/>\nF\u00fcr die Funktion ist eine funktionierende Installation der Freeware &#8222;GPSBabel&#8220; erforderlich, ein Download-Link hierf\u00fcr ist in der beigef\u00fcgten Anleitung enthalten. V1.01 03.07.07 jetzt mit Versionsinfo und Fortschrittsanzeige ausgestattet.<\/p>\n<p>Wer sich also, im Gegensatz zu dem <a title=\"direkt zu meinem ersten GPS-Beitrag mit dem von mir verwendeten Skript\" href=\"https:\/\/www.die-ritters.de\/blog\/?p=162\">von mir vorgeschlagenen, minimalistischen Skript<\/a>, ein wenig mehr Komfort und Information w\u00fcnscht, kann stattdessen auf das obige Skript zur\u00fcckgreifen.<\/p>\n<p>zum Schlu\u00df noch ein praktischer Tipp:<\/p>\n<p><img loading=\"lazy\" decoding=\"async\" src=\"https:\/\/www.die-ritters.de\/blog\/wp-content\/uploads\/uhrzeit-klein.jpg\" alt=\"uhrzeit-klein\" width=\"295\" height=\"225\" align=\"left\" \/>Beim GPS-Import ist es \u00e4u\u00dferst wichtig, da\u00df die Zeit des GPS-Trackers und die Kamerazeit sekundengenau abgeglichen werden. Nur so ist der jeweils wirklich exakte Standort zum Aufnahmezeitpunkt ermittelbar.<\/p>\n<p>F\u00fcr einen problemlosen Abgleich bietet es sich an, einfach vor Beginn der Foto-Session einen Funkwecker oder, wie ich es mache, die GPS-Tracker-Uhrzeit zu fotografieren. Sp\u00e4ter kann dann vor dem eigentlichen Import der GPS-Daten die Exif-Zeit der Bilder sekundengenau mit der Systemzeit des GPS-Trackers abgeglichen werden.<\/p>\n<p>Bei der Arbeit mit FixFoto bietet sich dazu ein kostenlos erh\u00e4ltliches <a title=\"Direkt zum Skript im Zubeh\u00f6rbereich des FixFoto Forums\" href=\"http:\/\/www.ffsf.de\/local_links.php?action=jump&amp;id=279&amp;catid=11\" target=\"_blank\">Skript von Werner Pilwousek<\/a> an, das im Zubeh\u00f6rbereich des FixFoto-Forums zum Download bereit steht.<\/p>\n<p align=\"center\"><img loading=\"lazy\" decoding=\"async\" src=\"https:\/\/www.die-ritters.de\/blog\/wp-content\/uploads\/exifzeit-screenshot.jpg\" alt=\"exifzeit-screenshot\" width=\"452\" height=\"341\" \/><\/p>\n<p>Mit diesem Skript l\u00e4sst sich die Exif-Zeit aller markierten Bilder vollautomatisch mit ein paar wenigen Mausklicks an die fotografierte Systemzeit des Trackers angleichen.<\/p>\n","protected":false},"excerpt":{"rendered":"<p>Es hat sich zum Thema GPS-Datenimport mit FixFoto noch ein wenig getan. Es lohnt sich, die neueste Beta aus dem FixFoto-Forum herunterzuladen, die noch einige Verbesserungen im GPS-Importbereich erfahren hat. Au\u00dferdem hat Jochen ein erweitertes Skript zur Verf\u00fcgung gestellt, das &hellip; <a href=\"https:\/\/www.die-ritters.de\/blog\/gps-import-mit-fixfoto-nachtrag.sturkopf\">Weiterlesen <span class=\"meta-nav\">&rarr;<\/span><\/a><\/p>\n","protected":false},"author":3,"featured_media":0,"comment_status":"open","ping_status":"open","sticky":false,"template":"","format":"standard","meta":{"footnotes":""},"categories":[5],"tags":[17,100,15],"class_list":["post-178","post","type-post","status-publish","format-standard","hentry","category-tippsundfaqs","tag-fixfoto","tag-geotagging","tag-gps"],"_links":{"self":[{"href":"https:\/\/www.die-ritters.de\/blog\/wp-json\/wp\/v2\/posts\/178","targetHints":{"allow":["GET"]}}],"collection":[{"href":"https:\/\/www.die-ritters.de\/blog\/wp-json\/wp\/v2\/posts"}],"about":[{"href":"https:\/\/www.die-ritters.de\/blog\/wp-json\/wp\/v2\/types\/post"}],"author":[{"embeddable":true,"href":"https:\/\/www.die-ritters.de\/blog\/wp-json\/wp\/v2\/users\/3"}],"replies":[{"embeddable":true,"href":"https:\/\/www.die-ritters.de\/blog\/wp-json\/wp\/v2\/comments?post=178"}],"version-history":[{"count":0,"href":"https:\/\/www.die-ritters.de\/blog\/wp-json\/wp\/v2\/posts\/178\/revisions"}],"wp:attachment":[{"href":"https:\/\/www.die-ritters.de\/blog\/wp-json\/wp\/v2\/media?parent=178"}],"wp:term":[{"taxonomy":"category","embeddable":true,"href":"https:\/\/www.die-ritters.de\/blog\/wp-json\/wp\/v2\/categories?post=178"},{"taxonomy":"post_tag","embeddable":true,"href":"https:\/\/www.die-ritters.de\/blog\/wp-json\/wp\/v2\/tags?post=178"}],"curies":[{"name":"wp","href":"https:\/\/api.w.org\/{rel}","templated":true}]}}