{"id":1662,"date":"2025-03-03T17:16:29","date_gmt":"2025-03-03T16:16:29","guid":{"rendered":"https:\/\/www.die-ritters.de\/blog\/?p=1662"},"modified":"2025-03-03T17:16:29","modified_gmt":"2025-03-03T16:16:29","slug":"es-wird-fruehling-in-kammlach","status":"publish","type":"post","link":"https:\/\/www.die-ritters.de\/blog\/es-wird-fruehling-in-kammlach.sturkopf","title":{"rendered":"Es wird Fr\u00fchling in Kammlach"},"content":{"rendered":"<p>Heute war ich in Richtung Unterkammlach unterwegs und habe bei der r\u00f6misch-katholische Wallfahrtskapelle  St. Sebastian vorbei geschaut.<\/p>\n<p align=\"center\"><img loading=\"lazy\" decoding=\"async\" alt=\"st-sebastian\" src=\"https:\/\/www.die-ritters.de\/blog\/wp-content\/uploads\/st-sebastian.jpg\" width=\"615\" height=\"815\" \/><\/p>\n<p><u><strong>Und das sagt Wikipedia:<\/strong><\/u><\/p>\n<p>Die Kirche wurde auf einem alten Pestfriedhof im Jahre 1635 erbaut. Im Fr\u00fchjahr 1636 war sie vollendet. Die Weihe fand am 1. Mai 1636 statt. Fr\u00fcher umgab die Kapelle ein Eichenwald und sie wurde im Volksmund auch St. Sebastian im Eichwald genannt. Bis 1729 wohnte bei der Kirche ein Eremit. Im fr\u00fchen 18. Jahrhundert wurde die Kapelle wahrscheinlich umgebaut. Bei der Schlacht von Oberkammlach im Jahre 1796 verw\u00fcsteten franz\u00f6sisch-republikanische Truppen die Kapelle. In den folgenden zwei Jahren wurde die Kirche renoviert. Das T\u00fcrmchen wurde 1858 erneuert. In den Jahren 1884, 1919\/20, 1939\/40 und 1966 (au\u00dfen) fanden erneut Renovierungen statt.<\/p>\n","protected":false},"excerpt":{"rendered":"<p>Heute war ich in Richtung Unterkammlach unterwegs und habe bei der r\u00f6misch-katholische Wallfahrtskapelle St. Sebastian vorbei geschaut. Und das sagt Wikipedia: Die Kirche wurde auf einem alten Pestfriedhof im Jahre 1635 erbaut. Im Fr\u00fchjahr 1636 war sie vollendet. Die Weihe &hellip; <a href=\"https:\/\/www.die-ritters.de\/blog\/es-wird-fruehling-in-kammlach.sturkopf\">Weiterlesen <span class=\"meta-nav\">&rarr;<\/span><\/a><\/p>\n","protected":false},"author":3,"featured_media":0,"comment_status":"open","ping_status":"open","sticky":false,"template":"","format":"standard","meta":{"footnotes":""},"categories":[1,36],"tags":[],"class_list":["post-1662","post","type-post","status-publish","format-standard","hentry","category-allgemein","category-reiseberichte"],"_links":{"self":[{"href":"https:\/\/www.die-ritters.de\/blog\/wp-json\/wp\/v2\/posts\/1662","targetHints":{"allow":["GET"]}}],"collection":[{"href":"https:\/\/www.die-ritters.de\/blog\/wp-json\/wp\/v2\/posts"}],"about":[{"href":"https:\/\/www.die-ritters.de\/blog\/wp-json\/wp\/v2\/types\/post"}],"author":[{"embeddable":true,"href":"https:\/\/www.die-ritters.de\/blog\/wp-json\/wp\/v2\/users\/3"}],"replies":[{"embeddable":true,"href":"https:\/\/www.die-ritters.de\/blog\/wp-json\/wp\/v2\/comments?post=1662"}],"version-history":[{"count":1,"href":"https:\/\/www.die-ritters.de\/blog\/wp-json\/wp\/v2\/posts\/1662\/revisions"}],"predecessor-version":[{"id":1663,"href":"https:\/\/www.die-ritters.de\/blog\/wp-json\/wp\/v2\/posts\/1662\/revisions\/1663"}],"wp:attachment":[{"href":"https:\/\/www.die-ritters.de\/blog\/wp-json\/wp\/v2\/media?parent=1662"}],"wp:term":[{"taxonomy":"category","embeddable":true,"href":"https:\/\/www.die-ritters.de\/blog\/wp-json\/wp\/v2\/categories?post=1662"},{"taxonomy":"post_tag","embeddable":true,"href":"https:\/\/www.die-ritters.de\/blog\/wp-json\/wp\/v2\/tags?post=1662"}],"curies":[{"name":"wp","href":"https:\/\/api.w.org\/{rel}","templated":true}]}}