{"id":1626,"date":"2024-09-19T17:21:51","date_gmt":"2024-09-19T15:21:51","guid":{"rendered":"https:\/\/www.die-ritters.de\/blog\/?p=1626"},"modified":"2024-09-20T01:31:54","modified_gmt":"2024-09-19T23:31:54","slug":"so-langsam-komme-ich-an","status":"publish","type":"post","link":"https:\/\/www.die-ritters.de\/blog\/so-langsam-komme-ich-an.sturkopf","title":{"rendered":"So langsam komme ich an."},"content":{"rendered":"<p>Nach meinem Umzug beginne ich mich an meine neue Heimat zu gew\u00f6hnen.<\/p>\n<p align=\"center\"><img loading=\"lazy\" decoding=\"async\" alt=\"IMG 20240917 160632 HDR\" src=\"https:\/\/www.die-ritters.de\/blog\/wp-content\/uploads\/img_20240917_160632_hdr-4.jpg\" width=\"615\" height=\"869\" \/><\/p>\n<p align=\"center\"><em><font color=\"gray\">Der Himmel \u00fcber Oberkammlach<\/font><\/em><\/p>\n<p>Zum &#8222;langsam Abnibbeln&#8220; bin ich wieder in meine alte Heimat, ich habe meine Kindheit im Kammeltal verbracht, zur\u00fcckgekehrt. Gerade erkunde ich die Gegend um Kammlach und den Kohlberg und habe mir eine 5,5 km lange Spazierstrecke erkundet. So langsam f\u00fchle ich mich hier angekommen &#8211; die Eingew\u00f6hnungsphase l\u00e4uft aber noch. Nette Nachbarn helfen mir dabei, mich hier in Oberkammlach wohl zu f\u00fchlen. Mal sehen, was die Zukunft bringt&#8230;<\/p>\n<p align=\"center\"><img loading=\"lazy\" decoding=\"async\" alt=\"kammlach1\" src=\"https:\/\/www.die-ritters.de\/blog\/wp-content\/uploads\/kammlach1.jpg\" width=\"615\" height=\"914\" \/><\/p>\n<p align=\"center\"><em><font color=\"gray\">&#8230;auch die Landschaft hat was<\/font><\/em><\/p>\n<p align=\"center\"><img loading=\"lazy\" decoding=\"async\" alt=\"kammlacch2\" src=\"https:\/\/www.die-ritters.de\/blog\/wp-content\/uploads\/kammlacch2.jpg\" width=\"615\" height=\"916\" \/><\/p>\n<p align=\"center\"><em><font color=\"gray\">&#8230;und das Dorf<\/font><\/em><\/p>\n","protected":false},"excerpt":{"rendered":"<p>Nach meinem Umzug beginne ich mich an meine neue Heimat zu gew\u00f6hnen. Der Himmel \u00fcber Oberkammlach Zum &#8222;langsam Abnibbeln&#8220; bin ich wieder in meine alte Heimat, ich habe meine Kindheit im Kammeltal verbracht, zur\u00fcckgekehrt. Gerade erkunde ich die Gegend um &hellip; <a href=\"https:\/\/www.die-ritters.de\/blog\/so-langsam-komme-ich-an.sturkopf\">Weiterlesen <span class=\"meta-nav\">&rarr;<\/span><\/a><\/p>\n","protected":false},"author":3,"featured_media":0,"comment_status":"open","ping_status":"open","sticky":false,"template":"","format":"standard","meta":{"footnotes":""},"categories":[1,2],"tags":[],"class_list":["post-1626","post","type-post","status-publish","format-standard","hentry","category-allgemein","category-gedanken"],"_links":{"self":[{"href":"https:\/\/www.die-ritters.de\/blog\/wp-json\/wp\/v2\/posts\/1626","targetHints":{"allow":["GET"]}}],"collection":[{"href":"https:\/\/www.die-ritters.de\/blog\/wp-json\/wp\/v2\/posts"}],"about":[{"href":"https:\/\/www.die-ritters.de\/blog\/wp-json\/wp\/v2\/types\/post"}],"author":[{"embeddable":true,"href":"https:\/\/www.die-ritters.de\/blog\/wp-json\/wp\/v2\/users\/3"}],"replies":[{"embeddable":true,"href":"https:\/\/www.die-ritters.de\/blog\/wp-json\/wp\/v2\/comments?post=1626"}],"version-history":[{"count":5,"href":"https:\/\/www.die-ritters.de\/blog\/wp-json\/wp\/v2\/posts\/1626\/revisions"}],"predecessor-version":[{"id":1636,"href":"https:\/\/www.die-ritters.de\/blog\/wp-json\/wp\/v2\/posts\/1626\/revisions\/1636"}],"wp:attachment":[{"href":"https:\/\/www.die-ritters.de\/blog\/wp-json\/wp\/v2\/media?parent=1626"}],"wp:term":[{"taxonomy":"category","embeddable":true,"href":"https:\/\/www.die-ritters.de\/blog\/wp-json\/wp\/v2\/categories?post=1626"},{"taxonomy":"post_tag","embeddable":true,"href":"https:\/\/www.die-ritters.de\/blog\/wp-json\/wp\/v2\/tags?post=1626"}],"curies":[{"name":"wp","href":"https:\/\/api.w.org\/{rel}","templated":true}]}}