{"id":1309,"date":"2015-10-02T19:12:38","date_gmt":"2015-10-02T17:12:38","guid":{"rendered":"http:\/\/www.die-ritters.de\/blog\/?p=1309"},"modified":"2015-10-09T11:31:04","modified_gmt":"2015-10-09T09:31:04","slug":"das-fotobuch-vom-urlaub-im-bayerischen-wald-ist-da","status":"publish","type":"post","link":"https:\/\/www.die-ritters.de\/blog\/das-fotobuch-vom-urlaub-im-bayerischen-wald-ist-da.sturkopf","title":{"rendered":"Das Fotobuch vom Urlaub im Bayerischen Wald ist da!"},"content":{"rendered":"<p>Heute ist es gekommen, rund eine Woche fr\u00fcher als geplant und ich bin wirklich gepl\u00e4ttet! Super ist es geworden!<\/p>\n<p align=\"center\"><img loading=\"lazy\" decoding=\"async\" alt=\"bayerwaldbuch\" src=\"https:\/\/www.die-ritters.de\/blog\/wp-content\/uploads\/bayerwaldbuch.png\" width=\"815\" height=\"658\" \/><\/p>\n<p>Normalerweise lasse ich solche Fotob\u00fccher immer als &#8222;Echtfotobuch&#8220; beim Fotoh\u00e4ndler meines Vertrauens machen. Dieses Mal aber habe ich eine Druckerei ausprobiert, die gedruckte B\u00fccher mit Fadenbindung anbietet. Fr\u00fcher habe ich fadengebundene B\u00fccher immer bei <a title=\"Pixelspeed-Testbeitrag\" href=\"https:\/\/www.die-ritters.de\/blog\/pixelspeed-fotobuch-ein-erfahrungsbericht-teil-3.sturkopf\" target=\"_blank\">Pixelspeed<\/a> fertigen lassen, aber seit die ihren Betrieb eingestellt haben, fand ich keinen Anbieter mehr.<\/p>\n<p><!--more--><\/p>\n<p>Jetzt habe ich endlich auch f\u00fcr diese Art B\u00fccher die L\u00f6sung gefunden. Die fertigt schnell und in beeindruckender Qualit\u00e4t <a title=\"Meine Online-Druckerei f\u00fcr fadengebundene B\u00fccher\" href=\"http:\/\/www.online-druck.biz\" target=\"_blank\">Online-Druck.biz<\/a> in Krumbach.<\/p>\n<p>Am 28. September habe ich die Auftragsbest\u00e4tigung erhalten, am 2. Oktober waren die 8 B\u00fccher da, frei Haus per DHL geliefert, obwohl als voraussichtlicher Liefertermin in der Best\u00e4tigung der 9. Oktober angegeben war.<\/p>\n<p><img loading=\"lazy\" decoding=\"async\" alt=\"ruecken\" src=\"https:\/\/www.die-ritters.de\/blog\/wp-content\/uploads\/ruecken.png\" width=\"179\" align=\"left\" height=\"400\" \/>F\u00fcr das <a title=\"Ansichts-PDF Bayerwaldbuch\" href=\"https:\/\/www.die-ritters.de\/blog\/pics\/Bayerwaldbuch_fuers_Web.pdf\" target=\"_blank\">Fotobuch in DIN A4 hoch<\/a>, 210&#215;297 mm, Hardcover, der Innenteil auf 200 g\/m\u00c2\u00b2 Bilderdruckpapier matt gestrichen, 52 Innenseiten, mit chamoisem Vorsatz, Cellophanierung des Covers und anthrazitem Kapitalband habe ich pro Buch nicht mal 22 Euro bezahlt.<\/p>\n<p>Die Qualit\u00e4t finde ich beeindruckend gut, es gibt absolut nichts zu meckern! Auch zweiseitige Bilder und Panoramas, die \u00fcber den Seitenrand hinausgehen werden einwandfrei und l\u00fcckenlos wiedergegeben. Die Farben sind kr\u00e4ftig und leuchtend, der Druck selbst ist rattenscharf. Die PDFs f\u00fcr den Buch-Innenteil habe ich mit InDesign erstellt, den Umschlag mit CorelDraw.<\/p>\n<p>Auch die Verarbeitung des Buchs insgesamt ist makellos und handwerklich sehr gut gefertigt. F\u00fcr diese Leistung bekommt Online-Druck.biz von mir<\/p>\n<p>KUNIS: <img decoding=\"async\" border=\"0\" hspace=\"0\" alt=\"\" src=\"https:\/\/www.die-ritters.de\/blog\/kuni.gif\" align=\"baseline\" \/><img decoding=\"async\" border=\"0\" hspace=\"0\" alt=\"\" src=\"https:\/\/www.die-ritters.de\/blog\/kuni.gif\" align=\"baseline\" \/><img decoding=\"async\" border=\"0\" hspace=\"0\" alt=\"\" src=\"https:\/\/www.die-ritters.de\/blog\/kuni.gif\" align=\"baseline\" \/><img decoding=\"async\" border=\"0\" hspace=\"0\" alt=\"\" src=\"https:\/\/www.die-ritters.de\/blog\/kuni.gif\" align=\"baseline\" \/><img decoding=\"async\" border=\"0\" hspace=\"0\" alt=\"\" src=\"https:\/\/www.die-ritters.de\/blog\/kuni.gif\" align=\"baseline\" \/> von 5!<\/p>\n<p>Ich bin begeistert! Das Wochenende ist gerettet.<\/p>\n","protected":false},"excerpt":{"rendered":"<p>Heute ist es gekommen, rund eine Woche fr\u00fcher als geplant und ich bin wirklich gepl\u00e4ttet! Super ist es geworden! Normalerweise lasse ich solche Fotob\u00fccher immer als &#8222;Echtfotobuch&#8220; beim Fotoh\u00e4ndler meines Vertrauens machen. Dieses Mal aber habe ich eine Druckerei ausprobiert, &hellip; <a href=\"https:\/\/www.die-ritters.de\/blog\/das-fotobuch-vom-urlaub-im-bayerischen-wald-ist-da.sturkopf\">Weiterlesen <span class=\"meta-nav\">&rarr;<\/span><\/a><\/p>\n","protected":false},"author":3,"featured_media":0,"comment_status":"open","ping_status":"open","sticky":false,"template":"","format":"standard","meta":{"footnotes":""},"categories":[36],"tags":[384,205,178,161,371],"class_list":["post-1309","post","type-post","status-publish","format-standard","hentry","category-reiseberichte","tag-bayerischer-wald","tag-fotobuch","tag-fototour","tag-reise","tag-urlaub"],"_links":{"self":[{"href":"https:\/\/www.die-ritters.de\/blog\/wp-json\/wp\/v2\/posts\/1309","targetHints":{"allow":["GET"]}}],"collection":[{"href":"https:\/\/www.die-ritters.de\/blog\/wp-json\/wp\/v2\/posts"}],"about":[{"href":"https:\/\/www.die-ritters.de\/blog\/wp-json\/wp\/v2\/types\/post"}],"author":[{"embeddable":true,"href":"https:\/\/www.die-ritters.de\/blog\/wp-json\/wp\/v2\/users\/3"}],"replies":[{"embeddable":true,"href":"https:\/\/www.die-ritters.de\/blog\/wp-json\/wp\/v2\/comments?post=1309"}],"version-history":[{"count":2,"href":"https:\/\/www.die-ritters.de\/blog\/wp-json\/wp\/v2\/posts\/1309\/revisions"}],"predecessor-version":[{"id":1311,"href":"https:\/\/www.die-ritters.de\/blog\/wp-json\/wp\/v2\/posts\/1309\/revisions\/1311"}],"wp:attachment":[{"href":"https:\/\/www.die-ritters.de\/blog\/wp-json\/wp\/v2\/media?parent=1309"}],"wp:term":[{"taxonomy":"category","embeddable":true,"href":"https:\/\/www.die-ritters.de\/blog\/wp-json\/wp\/v2\/categories?post=1309"},{"taxonomy":"post_tag","embeddable":true,"href":"https:\/\/www.die-ritters.de\/blog\/wp-json\/wp\/v2\/tags?post=1309"}],"curies":[{"name":"wp","href":"https:\/\/api.w.org\/{rel}","templated":true}]}}