{"id":1277,"date":"2014-11-21T14:04:14","date_gmt":"2014-11-21T13:04:14","guid":{"rendered":"http:\/\/www.die-ritters.de\/blog\/?p=1277"},"modified":"2014-11-21T14:04:14","modified_gmt":"2014-11-21T13:04:14","slug":"mein-wohnsitz-in-gross-muetzenau-der-frohe-umzug-eines-hansels","status":"publish","type":"post","link":"https:\/\/www.die-ritters.de\/blog\/mein-wohnsitz-in-gross-muetzenau-der-frohe-umzug-eines-hansels.sturkopf","title":{"rendered":"Mein Wohnsitz in Gro\u00df-M\u00fctzenau &#8211; der frohe Umzug eines Hansels!"},"content":{"rendered":"<p><strong>Seit dem Wochenende um den 1. November bin ich offizieller B\u00fcrger der &#8222;Frohen und Hanselstadt Gro\u00df-M\u00fctzenau&#8220;! Wie es dazu kam, m\u00f6chte ich hier kurz erz\u00e4hlen:<\/strong><\/p>\n<p>Wie immer mal wieder besuchten mein Kumpel Uwe und ich auch an diesem Wochenende unseren gemeinsamen Freund Micha in Gera. Diese Besuche verwenden wir dann immer dazu, uns Michas &#8222;Dunkeldeutschland&#8220; anzuschauen und weitere Freunde zu besuchen. Und immer wieder freuen wir uns dar\u00fcber, dass dieser Teil unserer Republik schon seit Jahren nicht mehr &#8222;dunkel&#8220;, sondern wundersch\u00f6n ist.<\/p>\n<p><img loading=\"lazy\" decoding=\"async\" alt=\"michelle\" src=\"https:\/\/www.die-ritters.de\/blog\/wp-content\/uploads\/michelle.jpg\" width=\"306\" align=\"left\" height=\"452\" \/>Erste Station <strong>am Freitag<\/strong> Nachmittag war M\u00fclsen, um &#8222;Frauchen&#8220;, &#8222;Herrchen&#8220; und &#8222;Walter R\u00f6hrl&#8220; zu besuchen. Nach Kaffee und leckerem Kuchen haben sich alle, wie man sieht, ein wenig entspannt, um sich dann abends in einem prima griechischen Lokal verw\u00f6hnen zu lassen.<\/p>\n<p>&#8222;Walter R\u00f6hrl&#8220; ist eigentlich ein Rhodesian-Ridgeback-M\u00e4dchen, aber wegen Ihres &#8222;Rallystreifens&#8220; auf dem R\u00fccken konnte ich mir die Umbenennung nicht verkneifen. Nur zur Not w\u00fcrde Ich &#8222;Mich\u00e9lle Mouton&#8220; auch akzeptieren.<\/p>\n<p>Samstags haben wir (Micha, Uwe und ich) uns dann f\u00fcr einen Besuch Dresdens entschieden. Die beiden waren vor nicht all zu langer Zeit schon mal da, mein letzter Dresdenbesuch liegt 25 Jahre zur\u00fcck, und da hatte ich nur schnell mal einen Kunden besucht und kam gar nicht in die Innenstadt.<\/p>\n<p>Ich mu\u00df sagen, da\u00df Dresden mich sehr beeindruckt hat. Ich halte es f\u00fcr eine der sch\u00f6nsten St\u00e4dte Europas und konnte mich den ganzen Tag nicht mehr satt sehen.<\/p>\n<p align=\"center\"><img loading=\"lazy\" decoding=\"async\" alt=\"dresden\" src=\"https:\/\/www.die-ritters.de\/blog\/wp-content\/uploads\/dresden.jpg\" width=\"452\" height=\"306\" \/><\/p>\n<p><img loading=\"lazy\" decoding=\"async\" alt=\"cafe\" src=\"https:\/\/www.die-ritters.de\/blog\/wp-content\/uploads\/cafe.jpg\" width=\"295\" align=\"left\" height=\"202\" \/>Neben der Frauenkirche inklusive Turmbesteigung, dem Zwinger und allen anderen historischen Geb\u00e4uden in der Innenstadt, haben wir nat\u00fcrlich auch ein Caf\u00e9 besucht und sind am Schlu\u00df noch \u00fcber die Br\u00fchlsche Terrasse flaniert. Sp\u00e4tnachmittags haben wir uns dann noch eine Schwebebahnfahrt beim Blauen Wunder genehmigt, um den Sonnenuntergang \u00fcber Dresden zu bewundern. Leider waren wir einige Minuten zu sp\u00e4t. Da mir Dresden aber so gut gefallen hat, werde ich das einfach beim n\u00e4chsten Besuch, dann aber rechtzeitig nachholen.<\/p>\n<p>Jetzt aber zum Samstag Abend! Der in der \u00dcberschrift angek\u00fcndigte Besuch von <a title=\"Die Frohe und Hanselstadt Gro\u00df-M\u00fctzenau\" href=\"http:\/\/www.prellbock-bahnart.de\/muetzenau\/muetzenau01.htm\" target=\"_blank\">Gro\u00df-M\u00fctzenau<\/a> stand an. Biegt man, von Dresden kommend, bei Chemnitz rechts ab, kommt man nach einiger Zeit, in der N\u00e4he von Lunzenau in die &#8222;Frohe und Hanselstadt Gro\u00df-M\u00fctzenau&#8220; mit ihrem Viele-Millionen-Sterne-Restaurant &#8222;Prellbock&#8220;. (&#8230;denn schon vor dem Betreten des Lokals haben wir Millionen von Sternen gesehen, da das Wetter sehr gut war). Leider war&#8217;s schon dunkel, so dass der Kapit\u00e4n des Kreuzfahrtschiffes im Hafen von Gro\u00df-M\u00fctzenau schon Feierabend gemacht hatte. Wir trafen ihn dann aber noch im Restaurant an und konnten ein Schw\u00e4tzchen mit ihm halten.<\/p>\n<p align=\"center\"><img loading=\"lazy\" decoding=\"async\" alt=\"stadtplan\" src=\"https:\/\/www.die-ritters.de\/blog\/wp-content\/uploads\/stadtplan.jpg\" width=\"452\" height=\"345\" \/><br \/>\n<em><font color=\"gray\">\u00a9 der B\u00fcrgermeister von Gro\u00df-M\u00fctzenau<\/font><\/em><\/p>\n<p>Wegen der Dunkelheit (im gleichnamigen Deutschland ;-)) haben wir dann vom Parkplatz aus direkt die Beamtenlaufbahn genommen, um&#8230;<\/p>\n<p><!--more--><\/p>\n<p>&#8230;direkt <a title=\"Zur Homepage des Prellbock\" href=\"http:\/\/www.prellbock-bahnart.de\/index1.html\" target=\"_blank\">ins Restaurant<\/a> zu kommen. W\u00e4hrend des Dinners, es wurde, dank eines Mitb\u00fcrgers aus dem Raum Stuttgart, Rinderzunge mit von ihm angelieferten Spitzkohl aufgetischt, kamen wir dann, wie schon erw\u00e4hnt, auch mit dem Kreuzfahrtkapit\u00e4n ins Gespr\u00e4ch, der sich im Prellbock um seine G\u00e4ste k\u00fcmmerte. Von ihm wurden wir dann gleich dem Museumsdirektor, dem Hotelmanager, und vor allem dem B\u00fcrgermeister von Gro\u00df-M\u00fctzenau vorgestellt, von dem wir, wie man sehen kann, pers\u00f6nlich begr\u00fc\u00dft wurden.<\/p>\n<p align=\"center\"><img loading=\"lazy\" decoding=\"async\" alt=\"muetzenau03\" src=\"https:\/\/www.die-ritters.de\/blog\/wp-content\/uploads\/muetzenau03.jpg\" width=\"452\" height=\"306\" \/><\/p>\n<p>Frau B\u00fcrgermeister, Chefin de Cuisine, ist hier im Hintergrund zu sehen. Nach intensiven Studium des Amtsblattes von Gro\u00df-M\u00fctzenau, dem <a title=\"Das offizielle Mitteilungsblatt der Frohen und Hanselstadt Gro\u00df-M\u00fctzenau\" href=\"http:\/\/www.lokpfogel.de\/\" target=\"_blank\">&#8222;Lokpfogel &#8211; pf\u00fcffig, pf\u00fchrend, pfolksverbunden&#8220;, <\/a> das im Restaurant auflag, konnte ich feststellen, dass sogar eine Einb\u00fcrgerungsm\u00f6glichkeit besteht. Das ist nicht ganz einfach, weil mit einer doch recht schwierigen Pr\u00fcfung verbunden.<\/p>\n<p align=\"center\"><img loading=\"lazy\" decoding=\"async\" alt=\"muetzenau02\" src=\"https:\/\/www.die-ritters.de\/blog\/wp-content\/uploads\/muetzenau02.jpg\" width=\"452\" height=\"306\" \/><\/p>\n<p>Nachdem ich mich aber beim <a title=\"\u00fcber das Eisenbahnmuseum\" href=\"http:\/\/www.prellbock-bahnart.de\/museum\/museum01.htm\" target=\"_blank\">Museumsdirektor<\/a>, beim Kreuzfahrtkapit\u00e4n, beim <a title=\"Das etwas andere Hotel!\" href=\"http:\/\/www.prellbock-bahnart.de\/kofferhotel\/kofferhotel01.htm\" target=\"_blank\">Hotelmanager<\/a> und beim B\u00fcrgermeister r\u00fcckversichert hatte, sogar Frau B\u00fcrgermeister und die <a title=\"\u00fcber den Prellbock\" href=\"http:\/\/www.prellbock-bahnart.de\/kneipe\/kneipe01.htm\" target=\"_blank\">K\u00fcchenchefin<\/a> mich ermutigt hatten, diesen Schritt zu wagen, habe ich mich dem <a title=\"Infos zur Einb\u00fcrgerung nach Gro\u00df-M\u00fctzenau\" href=\"http:\/\/www.prellbock-bahnart.de\/muetzenau\/lokpfogel-pdf\/gruss.pdf\" target=\"_blank\">Einb\u00fcrgerungsverfahren<\/a> unterzogen. Die drei Fragen habe ich, ehrlicherweise<\/p>\n<p align=\"center\"><img loading=\"lazy\" decoding=\"async\" alt=\"muetzenau00\" src=\"https:\/\/www.die-ritters.de\/blog\/wp-content\/uploads\/muetzenau00.jpg\" width=\"452\" height=\"306\" \/><\/p>\n<p>auch unter Zuhilfenahme des Publikumsjokers M.S. aus G (hier rechts abgebildet) beantworten k\u00f6nnen. Nach Bezahlung der Passgeb\u00fchr und der Steuern f\u00fcr das kommende Jahr konnte ich dann das Passdokument in Empfang nehmen.<\/p>\n<p align=\"center\"><img loading=\"lazy\" decoding=\"async\" alt=\"muetzenau04\" src=\"https:\/\/www.die-ritters.de\/blog\/wp-content\/uploads\/muetzenau04.jpg\" width=\"452\" height=\"306\" \/><\/p>\n<p>Nach kurzer Einweisung in meine Rechte und Pflichten konnte ich dann als 101. Neub\u00fcrger von Gro\u00df-M\u00fctzenau meinen Pass unterschreiben. Jetzt bin ich rechtm\u00e4\u00dfiger B\u00fcrger der &#8222;Frohen und Hanselstadt&#8220; und kann alle damit verbundenen Vorteile genie\u00dfen.<\/p>\n<p align=\"center\"><img loading=\"lazy\" decoding=\"async\" alt=\"muetzenau01\" src=\"https:\/\/www.die-ritters.de\/blog\/wp-content\/uploads\/muetzenau01.jpg\" width=\"452\" height=\"306\" \/><\/p>\n<p>Ich habe seit Jahrzehnten keinen so fr\u00f6hlichen, lustigen, geschmackvollen, kurzweiligen Abend mehr erlebt, f\u00fchle mich, immer wenn ich daran denke, an Karl Valentin erinnert, den ich sehr verehre. Wenn&#8217;s mal schei\u00dfe l\u00e4uft, denke ich an diesen Abend, an die vielen Anekdoten des B\u00fcrgermeisters, an die Karikaturen an der Wand, an die ausliegenden Lokpf\u00f6gel, mu\u00df laut los lachen und hab sofort wieder unendlich Kraft.<\/p>\n<p>Lieber Herr Lehmann, Liebe Frau Trommer-Lehmann &#8211; dieser Besuch wird mir immer in bester Erinnerung bleiben und sicher l\u00e4ngst nicht der letzte gewesen sein. Bitte behalten Sie Ihr sympathisches Wesen, Ihren hintergr\u00fcndigen Humor und lassen Sie sich bitte, bitte, sei das Hochwasser auch noch so hoch, nicht unterkriegen. Meine Unterst\u00fctzung ist Ihnen jedenfalls gewiss. Danke &#8211; danke &#8211; danke!<\/p>\n<p>F\u00fcr diesen Abend kann es nur KUNIS: <img decoding=\"async\" border=\"0\" hspace=\"0\" alt=\"\" src=\"https:\/\/www.die-ritters.de\/blog\/kuni.gif\" align=\"baseline\" \/><img decoding=\"async\" border=\"0\" hspace=\"0\" alt=\"\" src=\"https:\/\/www.die-ritters.de\/blog\/kuni.gif\" align=\"baseline\" \/><img decoding=\"async\" border=\"0\" hspace=\"0\" alt=\"\" src=\"https:\/\/www.die-ritters.de\/blog\/kuni.gif\" align=\"baseline\" \/><img decoding=\"async\" border=\"0\" hspace=\"0\" alt=\"\" src=\"https:\/\/www.die-ritters.de\/blog\/kuni.gif\" align=\"baseline\" \/><img decoding=\"async\" border=\"0\" hspace=\"0\" alt=\"\" src=\"https:\/\/www.die-ritters.de\/blog\/kuni.gif\" align=\"baseline\" \/><img decoding=\"async\" border=\"0\" hspace=\"0\" alt=\"\" src=\"https:\/\/www.die-ritters.de\/blog\/kunihalb.gif\" align=\"baseline\" \/> von 5 geben! Einmalig war er, deshalb verdient er den halben Kuni mehr!<\/p>\n<p><strong>Am Sonntag<\/strong> dann, schlossen Uwe und ich dann dieses Wochenende mit einem Besuch der Saalfelder Feengrotten ab, die auf dem Heimweg g\u00fcnstig erreichbar waren.<\/p>\n<p align=\"center\"><img loading=\"lazy\" decoding=\"async\" alt=\"feengrotten\" src=\"https:\/\/www.die-ritters.de\/blog\/wp-content\/uploads\/feengrotten.jpg\" width=\"452\" height=\"306\" \/><\/p>\n<p>Nach l\u00e4ngerer Wartezeit wegen eines schweren Unfalls auf der Autobahn haben wir dann den Sonntagabend im Rasthof W\u00f6rnitz ausklingen lassen, wo wir ausnahmsweise mal KEINE Schinkennudeln zu uns genommen haben.<\/p>\n","protected":false},"excerpt":{"rendered":"<p>Seit dem Wochenende um den 1. November bin ich offizieller B\u00fcrger der &#8222;Frohen und Hanselstadt Gro\u00df-M\u00fctzenau&#8220;! Wie es dazu kam, m\u00f6chte ich hier kurz erz\u00e4hlen: Wie immer mal wieder besuchten mein Kumpel Uwe und ich auch an diesem Wochenende unseren &hellip; <a href=\"https:\/\/www.die-ritters.de\/blog\/mein-wohnsitz-in-gross-muetzenau-der-frohe-umzug-eines-hansels.sturkopf\">Weiterlesen <span class=\"meta-nav\">&rarr;<\/span><\/a><\/p>\n","protected":false},"author":3,"featured_media":0,"comment_status":"open","ping_status":"open","sticky":false,"template":"","format":"standard","meta":{"footnotes":""},"categories":[4,36],"tags":[374,377,378,375,380,379,376,161],"class_list":["post-1277","post","type-post","status-publish","format-standard","hentry","category-angetestet","category-reiseberichte","tag-dresden","tag-feengrotten","tag-gera","tag-gross-muetzenau","tag-lunzenau","tag-muelsen","tag-prellbock","tag-reise"],"_links":{"self":[{"href":"https:\/\/www.die-ritters.de\/blog\/wp-json\/wp\/v2\/posts\/1277","targetHints":{"allow":["GET"]}}],"collection":[{"href":"https:\/\/www.die-ritters.de\/blog\/wp-json\/wp\/v2\/posts"}],"about":[{"href":"https:\/\/www.die-ritters.de\/blog\/wp-json\/wp\/v2\/types\/post"}],"author":[{"embeddable":true,"href":"https:\/\/www.die-ritters.de\/blog\/wp-json\/wp\/v2\/users\/3"}],"replies":[{"embeddable":true,"href":"https:\/\/www.die-ritters.de\/blog\/wp-json\/wp\/v2\/comments?post=1277"}],"version-history":[{"count":1,"href":"https:\/\/www.die-ritters.de\/blog\/wp-json\/wp\/v2\/posts\/1277\/revisions"}],"predecessor-version":[{"id":1278,"href":"https:\/\/www.die-ritters.de\/blog\/wp-json\/wp\/v2\/posts\/1277\/revisions\/1278"}],"wp:attachment":[{"href":"https:\/\/www.die-ritters.de\/blog\/wp-json\/wp\/v2\/media?parent=1277"}],"wp:term":[{"taxonomy":"category","embeddable":true,"href":"https:\/\/www.die-ritters.de\/blog\/wp-json\/wp\/v2\/categories?post=1277"},{"taxonomy":"post_tag","embeddable":true,"href":"https:\/\/www.die-ritters.de\/blog\/wp-json\/wp\/v2\/tags?post=1277"}],"curies":[{"name":"wp","href":"https:\/\/api.w.org\/{rel}","templated":true}]}}