{"id":1209,"date":"2013-11-03T22:00:43","date_gmt":"2013-11-03T21:00:43","guid":{"rendered":"http:\/\/www.die-ritters.de\/blog\/?p=1209"},"modified":"2013-11-03T22:00:43","modified_gmt":"2013-11-03T21:00:43","slug":"urwald-sababurg-2013","status":"publish","type":"post","link":"https:\/\/www.die-ritters.de\/blog\/urwald-sababurg-2013.sturkopf","title":{"rendered":"Urwald Sababurg 2013"},"content":{"rendered":"<p><strong>Auch heuer waren Uwe und ich wieder im Raum Kassel unterwegs, um unter anderem im Urwald bei der Sababurg zu fotografieren.<\/strong><\/p>\n<p>Feucht durchwachsenes Wetter sorgte f\u00fcr tolles Licht! Und es sind seit unserem letzten Besuch wieder viele Gesichter und Figuren des Waldes dazu gekommen.<\/p>\n<p align=\"center\"><img loading=\"lazy\" decoding=\"async\" alt=\"urwald2013-klein\" src=\"https:\/\/www.die-ritters.de\/blog\/wp-content\/uploads\/urwald2013-klein-1.jpg\" width=\"452\" height=\"671\" \/><\/p>\n<p>Am 2. Tag waren wir dann auch noch in einem kleinen Hutewald unterwegs. Ein relativ kleines Areal von wenigen hundert Metern bot Fotomotive, die auch f\u00fcr einen ganzen Fototag ausgereicht h\u00e4tten.<\/p>\n<p align=\"center\"><img loading=\"lazy\" decoding=\"async\" alt=\"hutewald2013-klein\" src=\"https:\/\/www.die-ritters.de\/blog\/wp-content\/uploads\/hutewald2013-klein.jpg\" width=\"452\" height=\"306\" \/><\/p>\n<p>Am dritten Tag dann sind wir ein St\u00fcck entlang der Weser nach Hannoversch M\u00fcnden gefahren. Ein sch\u00f6nes St\u00e4dtchen, das immer einen Besuch lohnt.<\/p>\n<p align=\"center\"><img loading=\"lazy\" decoding=\"async\" alt=\"weser2013-klein\" src=\"https:\/\/www.die-ritters.de\/blog\/wp-content\/uploads\/weser2013-klein.jpg\" width=\"452\" height=\"306\" \/><\/p>\n<p align=\"center\"><img loading=\"lazy\" decoding=\"async\" alt=\"hannmuenden-klein\" src=\"https:\/\/www.die-ritters.de\/blog\/wp-content\/uploads\/hannmuenden-klein.jpg\" width=\"452\" height=\"306\" \/><\/p>\n<p align=\"center\"><img loading=\"lazy\" decoding=\"async\" alt=\"hannmuenden2013klein\" src=\"https:\/\/www.die-ritters.de\/blog\/wp-content\/uploads\/hannmuenden2013klein.jpg\" width=\"452\" height=\"671\" \/><\/p>\n<p>Vielleicht gibt&#8217;s noch mehr Bilder. Auf jeden Fall denke ich an ein Buch \u00fcber den Urwald Sababurg, da ich jetzt schon drei Besuche hinter mir habe. Zusammen mit den ca. 300 Bildern dieses Wochenendes sollte das &#8222;Futter&#8220; ausreichen. Mal sehen.<\/p>\n","protected":false},"excerpt":{"rendered":"<p>Auch heuer waren Uwe und ich wieder im Raum Kassel unterwegs, um unter anderem im Urwald bei der Sababurg zu fotografieren. Feucht durchwachsenes Wetter sorgte f\u00fcr tolles Licht! Und es sind seit unserem letzten Besuch wieder viele Gesichter und Figuren &hellip; <a href=\"https:\/\/www.die-ritters.de\/blog\/urwald-sababurg-2013.sturkopf\">Weiterlesen <span class=\"meta-nav\">&rarr;<\/span><\/a><\/p>\n","protected":false},"author":3,"featured_media":0,"comment_status":"open","ping_status":"open","sticky":false,"template":"","format":"standard","meta":{"footnotes":""},"categories":[36],"tags":[179,352,169,178,351,282,281,350],"class_list":["post-1209","post","type-post","status-publish","format-standard","hentry","category-reiseberichte","tag-2-alte-herren","tag-eos-5d-mkii","tag-fotos","tag-fototour","tag-hannoversch-muenden","tag-sababurg","tag-urwald","tag-weser"],"_links":{"self":[{"href":"https:\/\/www.die-ritters.de\/blog\/wp-json\/wp\/v2\/posts\/1209","targetHints":{"allow":["GET"]}}],"collection":[{"href":"https:\/\/www.die-ritters.de\/blog\/wp-json\/wp\/v2\/posts"}],"about":[{"href":"https:\/\/www.die-ritters.de\/blog\/wp-json\/wp\/v2\/types\/post"}],"author":[{"embeddable":true,"href":"https:\/\/www.die-ritters.de\/blog\/wp-json\/wp\/v2\/users\/3"}],"replies":[{"embeddable":true,"href":"https:\/\/www.die-ritters.de\/blog\/wp-json\/wp\/v2\/comments?post=1209"}],"version-history":[{"count":1,"href":"https:\/\/www.die-ritters.de\/blog\/wp-json\/wp\/v2\/posts\/1209\/revisions"}],"predecessor-version":[{"id":1210,"href":"https:\/\/www.die-ritters.de\/blog\/wp-json\/wp\/v2\/posts\/1209\/revisions\/1210"}],"wp:attachment":[{"href":"https:\/\/www.die-ritters.de\/blog\/wp-json\/wp\/v2\/media?parent=1209"}],"wp:term":[{"taxonomy":"category","embeddable":true,"href":"https:\/\/www.die-ritters.de\/blog\/wp-json\/wp\/v2\/categories?post=1209"},{"taxonomy":"post_tag","embeddable":true,"href":"https:\/\/www.die-ritters.de\/blog\/wp-json\/wp\/v2\/tags?post=1209"}],"curies":[{"name":"wp","href":"https:\/\/api.w.org\/{rel}","templated":true}]}}