{"id":1182,"date":"2013-06-02T20:30:47","date_gmt":"2013-06-02T18:30:47","guid":{"rendered":"http:\/\/www.die-ritters.de\/blog\/?p=1182"},"modified":"2013-06-03T09:00:59","modified_gmt":"2013-06-03T07:00:59","slug":"hochwasser-in-fellheim","status":"publish","type":"post","link":"https:\/\/www.die-ritters.de\/blog\/hochwasser-in-fellheim.sturkopf","title":{"rendered":"Hochwasser in Fellheim"},"content":{"rendered":"<p>Die Hochwasserlage ist, Gott sei Dank, noch \u00fcberschaubar. Beim letzten gro\u00dfen Hochwasser hatten wir einen einige Meter h\u00f6heren Pegelstand. Trotzdem ist die Kraft der Fluten auch heute beeindruckend gewesen.<\/p>\n<p align=\"center\"><img loading=\"lazy\" decoding=\"async\" alt=\"hochwasser1\" src=\"https:\/\/www.die-ritters.de\/blog\/wp-content\/uploads\/hochwasser1.jpg\" width=\"452\" height=\"306\" \/><\/p>\n<p>Alle Fallen es Wehrs sind ge\u00f6ffnet, das Wasser rauscht mit Get\u00f6se durch. Da, wo im Hintergrund die Leute stehen, hatten wir beim letzten gro\u00dfen Hochwasser einen Wasserstand, der fast bis zur untersten Quersprosse des Gel\u00e4nder gereicht hat.<\/p>\n<p align=\"center\"><img loading=\"lazy\" decoding=\"async\" alt=\"hochwasser5\" src=\"https:\/\/www.die-ritters.de\/blog\/wp-content\/uploads\/hochwasser5.jpg\" width=\"452\" height=\"306\" \/><\/p>\n<p>Einen Kilometer flussabw\u00e4rts kriegt der Fliederbusch, der eigentlich am Flussrand steht, bestimmt ausreichend Wasser, um zu wachsen und zu gedeihen.<\/p>\n<p align=\"center\"><img loading=\"lazy\" decoding=\"async\" alt=\"hochwasser4\" src=\"https:\/\/www.die-ritters.de\/blog\/wp-content\/uploads\/hochwasser4.jpg\" width=\"306\" height=\"452\" \/><\/p>\n<p>Das Hochwasser hat aber durchaus auch sch\u00f6ne Seiten, da die Auen an der Iller voll laufen.<\/p>\n<p align=\"center\"><img loading=\"lazy\" decoding=\"async\" alt=\"hochwasser3\" src=\"https:\/\/www.die-ritters.de\/blog\/wp-content\/uploads\/hochwasser3.jpg\" width=\"452\" height=\"306\" \/><\/p>\n<p align=\"center\"><img loading=\"lazy\" decoding=\"async\" alt=\"hochwasser2\" src=\"https:\/\/www.die-ritters.de\/blog\/wp-content\/uploads\/hochwasser2.jpg\" width=\"306\" height=\"452\" \/><\/p>\n<p>Das kleine Wehr war beim letzten gro\u00dfen Hochwasser, inklusive des Uferweges im Hintergrund, komplett \u00fcbersp\u00fclt.<\/p>\n<p align=\"center\"><img loading=\"lazy\" decoding=\"async\" alt=\"hochwasser6\" src=\"https:\/\/www.die-ritters.de\/blog\/wp-content\/uploads\/hochwasser6.jpg\" width=\"452\" height=\"306\" \/><\/p>\n<p>Hier ein Vergleichsbild von 2005 von der gro\u00dfen Br\u00fccke aus fotografiert. Zum Zeitpunkt des Fotos war die endg\u00fcltige H\u00f6he des Pegels damals schon \u00fcberschritten. (siehe H\u00fctte und Schaltkasten im Vordergrund)<\/p>\n<p align=\"center\"><img loading=\"lazy\" decoding=\"async\" alt=\"vergleichsbild2005\" src=\"https:\/\/www.die-ritters.de\/blog\/wp-content\/uploads\/vergleichsbild2005.jpg\" width=\"452\" height=\"306\" \/><\/p>\n<p>Jedenfalls haben sich auch heute ganze Pilgerscharen zur Iller begeben, haben gestaunt, fotografiert und gefilmt. Da wollte ich nat\u00fcrlich in nichts nachstehen.<\/p>\n","protected":false},"excerpt":{"rendered":"<p>Die Hochwasserlage ist, Gott sei Dank, noch \u00fcberschaubar. Beim letzten gro\u00dfen Hochwasser hatten wir einen einige Meter h\u00f6heren Pegelstand. Trotzdem ist die Kraft der Fluten auch heute beeindruckend gewesen. Alle Fallen es Wehrs sind ge\u00f6ffnet, das Wasser rauscht mit Get\u00f6se &hellip; <a href=\"https:\/\/www.die-ritters.de\/blog\/hochwasser-in-fellheim.sturkopf\">Weiterlesen <span class=\"meta-nav\">&rarr;<\/span><\/a><\/p>\n","protected":false},"author":3,"featured_media":0,"comment_status":"open","ping_status":"open","sticky":false,"template":"","format":"standard","meta":{"footnotes":""},"categories":[1],"tags":[23,12,343],"class_list":["post-1182","post","type-post","status-publish","format-standard","hentry","category-allgemein","tag-fellheim","tag-hochwasser","tag-iller"],"_links":{"self":[{"href":"https:\/\/www.die-ritters.de\/blog\/wp-json\/wp\/v2\/posts\/1182","targetHints":{"allow":["GET"]}}],"collection":[{"href":"https:\/\/www.die-ritters.de\/blog\/wp-json\/wp\/v2\/posts"}],"about":[{"href":"https:\/\/www.die-ritters.de\/blog\/wp-json\/wp\/v2\/types\/post"}],"author":[{"embeddable":true,"href":"https:\/\/www.die-ritters.de\/blog\/wp-json\/wp\/v2\/users\/3"}],"replies":[{"embeddable":true,"href":"https:\/\/www.die-ritters.de\/blog\/wp-json\/wp\/v2\/comments?post=1182"}],"version-history":[{"count":2,"href":"https:\/\/www.die-ritters.de\/blog\/wp-json\/wp\/v2\/posts\/1182\/revisions"}],"predecessor-version":[{"id":1185,"href":"https:\/\/www.die-ritters.de\/blog\/wp-json\/wp\/v2\/posts\/1182\/revisions\/1185"}],"wp:attachment":[{"href":"https:\/\/www.die-ritters.de\/blog\/wp-json\/wp\/v2\/media?parent=1182"}],"wp:term":[{"taxonomy":"category","embeddable":true,"href":"https:\/\/www.die-ritters.de\/blog\/wp-json\/wp\/v2\/categories?post=1182"},{"taxonomy":"post_tag","embeddable":true,"href":"https:\/\/www.die-ritters.de\/blog\/wp-json\/wp\/v2\/tags?post=1182"}],"curies":[{"name":"wp","href":"https:\/\/api.w.org\/{rel}","templated":true}]}}