{"id":1149,"date":"2012-10-05T14:33:53","date_gmt":"2012-10-05T12:33:53","guid":{"rendered":"http:\/\/www.die-ritters.de\/blog\/?p=1149"},"modified":"2018-05-22T16:58:47","modified_gmt":"2018-05-22T14:58:47","slug":"wir-benotigen-hilfe-abstimmen-fur-den-forderkreis-synagoge-fellheim-e-v","status":"publish","type":"post","link":"https:\/\/www.die-ritters.de\/blog\/wir-benotigen-hilfe-abstimmen-fur-den-forderkreis-synagoge-fellheim-e-v.sturkopf","title":{"rendered":"Wir ben\u00f6tigen Hilfe! &#8211; Abstimmen f\u00fcr den F\u00f6rderkreis Synagoge Fellheim e.V."},"content":{"rendered":"<p>Ein grosses Projekt in unserem Dorf verdient Erw\u00e4hnung und F\u00f6rderung. Das Geb\u00e4ude der ehemaligen Synagoge mitten im Dorf gleich neben dem j\u00fcdischen Friedhof, soll erhalten bleiben. Daf\u00fcr wurde ein F\u00f6rderverein gegr\u00fcndet, der daf\u00fcr sorgen soll, dass das Geb\u00e4ude saniert und wieder einer \u00f6ffentlichen Nutzung zugef\u00fchrt wird. Als Mitglied dieses F\u00f6rdervereins m\u00f6chte ich neben der eingebrachten ehrenamtlichen Arbeit und eigenen Spenden auch f\u00fcr weitere Unterst\u00fctzung klappern.<\/p>\n<p>Wir w\u00fcrden gerne zu den 1000 Vereinen geh\u00f6ren, die am Jahresende <a title=\"Direkt zur Vereinsseite und zur Abstimmung\" href=\"https:\/\/verein.ing-diba.de\/kultur\/87748\/foerderkreis-synagoge-fellheim-ev\" target=\"_blank\" rel=\"noopener noreferrer\">von der ING-DiBa 1000 \u20ac Spende<\/a> erhalten. Wenn ihr f\u00fcr uns abstimmt, k\u00f6nnte das vielleicht klappen. Auch eigene Spenden sind nat\u00fcrlich immer willkommen, egal wie gro\u00df oder klein. Noch mehr freuen w\u00fcrde uns, wenn ihr unser Anliegen weiter verbreitet und vielleicht daf\u00fcr sorgen k\u00f6nnt, dass wir den letzten Rest, den wir ben\u00f6tigen, damit die Finanzierung des Projekts gesichert ist, aus Spendenunterst\u00fctzung mit finanzieren k\u00f6nnen. F\u00fcr alle, die mehr wissen wollen, haben wir eine Brosch\u00fcre gefertigt, <a title=\"Der Spendenaufruf mit Infos vom F\u00f6rerkreis Synagoge Fellheim e.V.\" href=\"https:\/\/foerderkreis-synagoge-fellheim.de\/wp-content\/uploads\/2017\/07\/spendenaufruf-klein.pdf\" target=\"_blank\" rel=\"noopener noreferrer\">die hier als PDF runter zu laden ist<\/a>.<\/p>\n<p>Wenn ihr euch dann auch noch gen\u00f6tigt f\u00fchlt, dem F\u00f6rderverein beizutreten und das Vorhaben aktiv als Mitglied zu unterst\u00fctzen, freuen wir uns ganz besonders!<\/p>\n<p>Und wenn ihr alle auf diesen Beitrag oder auf unsere Abstimmungsseite verlinkt, k\u00f6nnt ihr uns einen gro\u00dfen Gefallen tun, der uns sehr weiter hilft und euch nix kostet. Je h\u00f6her der Verbreitungsgrad, auch \u00fcber die diversen sozialen Netze, desto n\u00e4her k\u00f6nnen wir unserem Ziel kommen, einen neuen Mittelpunkt in unserem Dorf zu bekommen, der allen B\u00fcrgern Fellheims zu Gute kommt. Also los, bitte, bitte verbreiten und abstimmen!<\/p>\n<p>Jetzt schon mein pers\u00f6nlicher Dank im Namen unseres F\u00f6rdervereins f\u00fcr jedwede Unterst\u00fctzung, die ihr uns gew\u00e4hren werdet!<\/p>\n","protected":false},"excerpt":{"rendered":"<p>Ein grosses Projekt in unserem Dorf verdient Erw\u00e4hnung und F\u00f6rderung. Das Geb\u00e4ude der ehemaligen Synagoge mitten im Dorf gleich neben dem j\u00fcdischen Friedhof, soll erhalten bleiben. Daf\u00fcr wurde ein F\u00f6rderverein gegr\u00fcndet, der daf\u00fcr sorgen soll, dass das Geb\u00e4ude saniert und &hellip; <a href=\"https:\/\/www.die-ritters.de\/blog\/wir-benotigen-hilfe-abstimmen-fur-den-forderkreis-synagoge-fellheim-e-v.sturkopf\">Weiterlesen <span class=\"meta-nav\">&rarr;<\/span><\/a><\/p>\n","protected":false},"author":3,"featured_media":0,"comment_status":"open","ping_status":"open","sticky":false,"template":"","format":"standard","meta":{"footnotes":""},"categories":[2],"tags":[269,23,340,339],"class_list":["post-1149","post","type-post","status-publish","format-standard","hentry","category-gedanken","tag-dorferneuerung","tag-fellheim","tag-forderverein","tag-synagoge"],"_links":{"self":[{"href":"https:\/\/www.die-ritters.de\/blog\/wp-json\/wp\/v2\/posts\/1149","targetHints":{"allow":["GET"]}}],"collection":[{"href":"https:\/\/www.die-ritters.de\/blog\/wp-json\/wp\/v2\/posts"}],"about":[{"href":"https:\/\/www.die-ritters.de\/blog\/wp-json\/wp\/v2\/types\/post"}],"author":[{"embeddable":true,"href":"https:\/\/www.die-ritters.de\/blog\/wp-json\/wp\/v2\/users\/3"}],"replies":[{"embeddable":true,"href":"https:\/\/www.die-ritters.de\/blog\/wp-json\/wp\/v2\/comments?post=1149"}],"version-history":[{"count":11,"href":"https:\/\/www.die-ritters.de\/blog\/wp-json\/wp\/v2\/posts\/1149\/revisions"}],"predecessor-version":[{"id":1482,"href":"https:\/\/www.die-ritters.de\/blog\/wp-json\/wp\/v2\/posts\/1149\/revisions\/1482"}],"wp:attachment":[{"href":"https:\/\/www.die-ritters.de\/blog\/wp-json\/wp\/v2\/media?parent=1149"}],"wp:term":[{"taxonomy":"category","embeddable":true,"href":"https:\/\/www.die-ritters.de\/blog\/wp-json\/wp\/v2\/categories?post=1149"},{"taxonomy":"post_tag","embeddable":true,"href":"https:\/\/www.die-ritters.de\/blog\/wp-json\/wp\/v2\/tags?post=1149"}],"curies":[{"name":"wp","href":"https:\/\/api.w.org\/{rel}","templated":true}]}}