{"id":1139,"date":"2012-11-14T15:25:00","date_gmt":"2012-11-14T14:25:00","guid":{"rendered":"http:\/\/www.die-ritters.de\/blog\/?p=1139"},"modified":"2012-11-14T15:30:18","modified_gmt":"2012-11-14T14:30:18","slug":"pocketbook-613-basic-new-mein-neuer-ebook-reader","status":"publish","type":"post","link":"https:\/\/www.die-ritters.de\/blog\/pocketbook-613-basic-new-mein-neuer-ebook-reader.sturkopf","title":{"rendered":"PocketBook 613 (Basic New) &#8211; mein neuer eBook-Reader"},"content":{"rendered":"<p><strong>Mein Freund<\/strong> <a title=\"Michas PocketBook-Test\" href=\"http:\/\/michaelsonntag.net\/2012\/09\/testbericht-pocketbook-613\/\" target=\"_blank\"><strong>Micha testet<\/strong><\/a> <strong>gerade fleissig verschiedene eBook-Reader. Unter den Ger\u00e4ten war auch das PocketBook Basic New, das es derzeit zum Preis von 69 \u20ac zum Beispiel<\/strong> <a title=\"Der Link zu Libri\" href=\"http:\/\/michaelsonntag.net\/libri\/pocketbook-613\" target=\"_blank\"><strong>bei Libri<\/strong><\/a> <strong>zu kaufen gibt.<\/strong><\/p>\n<p><img loading=\"lazy\" decoding=\"async\" alt=\"img 0392-205154 klein\" align=\"left\" src=\"https:\/\/www.die-ritters.de\/blog\/wp-content\/uploads\/img_0392-205154_klein.jpg\" width=\"302\" height=\"437\" \/><\/p>\n<p>Ich war bisher kein Freund von eBook-Readern, Michas Testbericht hat mich aber \u00fcberzeugt, und so habe ich mir einen bestellt. Erste \u00dcberraschung &#8211; ich konnte ihn an meine Buchhandlung vor Ort liefern lassen. So profitiert auch die, wenngleich mit offensichtlich minimalen Margen, von meinem Kauf im Internet.<\/p>\n<p>Einen Tag nach der Bestellung lag er dann auch schon bei <a title=\"Der Shop von B\u00fccher Edele in Memmingen\" href=\"http:\/\/allgaeu.shop-asp.de\" target=\"_blank\">B\u00fccher Edele<\/a> in Memmingen zur Abholung bereit. Ich hab ihn beim Holen im Laden bezahlt und so gleich noch die Frachtkosten gespart.<\/p>\n<p>Nat\u00fcrlich musste ich gleich ein wenig probieren und rumspielen!<\/p>\n<p>Zuerst habe ich mir eine eigene Grafik f\u00fcr den ausgeschalteten Zustand gebastelt. Grafiken m\u00fcssen als 8bit-BMP, m\u00f6glichst schon in Graustufen und am besten in 600&#215;800 Pixeln in den Ordner system\\logo gelegt werden.<\/p>\n<p>Danach gleich den individuellen Opentype-Font (&#8230;den von Micha empfohlenen LexiaDaMa.otf) f\u00fcr bessere Lesbarkeit drauf gespielt. (Geh\u00f6rt nach system\\fonts).<\/p>\n<p>Das Einbinden des Logos \u00fcber das Einstellungen-Aussehen-Men\u00fc hat auf Anhieb geklappt.<\/p>\n<p>Die eigene Schrift l\u00e4sst sich bei den meisten B\u00fcchern einstellen. Nur wenige B\u00fccher bringen ihre eigene, nicht \u00e4nderbare Schriftart mit.<\/p>\n<p>Auf Anhieb begeistert hat mich die Vielfalt der Konfigurationsm\u00f6glichkeiten und vor allem die umfangreichen lesbaren Formate.<\/p>\n<p>Der Reader kann unter anderem:<\/p>\n<ul dir=\"ltr\">\n<li>\n<div align=\"left\">ePub<\/div>\n<\/li>\n<li>\n<div align=\"left\">PDF<\/div>\n<\/li>\n<li>\n<div align=\"left\">Textdateien<\/div>\n<\/li>\n<li>\n<div align=\"left\">RTF (sollte schon wegen der Dateigr\u00f6ssen nach ePub umgewandelt werden)<\/div>\n<\/li>\n<li>\n<div align=\"left\">CHM<\/div>\n<\/li>\n<li>\n<div align=\"left\">mobi<\/div>\n<\/li>\n<\/ul>\n<p>Gerade die Windows-Hilfe-Dateien finde ich sehr praktisch, weil man sich die Hilfe f\u00fcr&#8217;s passende Programm auf den Reader spielen und den dann neben die Tastatur legen kann. Die Inhaltsverzeichnisse, sofern in den Ursprungsdateien enthalten, werden im Reader angezeigt. Links im Text zu anderen Stellen im Buch funktionieren ebenfalls, selbst bei PDFs mit Inhaltsverzeichnis.<\/p>\n<p align=\"center\">\n<p><!--more--><\/p>\n<p>Jetzt muss ich noch ein wenig probieren und vor allem die vielen, in vielen Sprachen mitgelieferten B\u00fccher lesen. Na gut, ich kann nur Deutsch und ein wenig englisch und habe die B\u00fccher in den restlichen Sprachen weggesichert.<\/p>\n<p>Jetzt noch ein paar Anmerkungen zu Qualit\u00e4t und Preis-Leistungs-Verh\u00e4ltnis:<\/p>\n<ul>\n<li>\n<div align=\"left\">Das Ger\u00e4t ist gut verarbeitet<\/div>\n<\/li>\n<li>\n<div align=\"left\">Die Tasten klicken beim Dr\u00fccken h\u00f6rbar<\/div>\n<\/li>\n<li>\n<div align=\"left\">Die Bedienung ist nach kurzer Einarbeitung eing\u00e4ngig und logisch aufgebaut<\/div>\n<\/li>\n<li>\n<div align=\"left\">Das Display ist gut lesbar, der Hintergrund ist mir hell genug<\/div>\n<\/li>\n<li>\n<div align=\"left\">Vor allem mit der Benutzer-Schrift ist das Schriftbild hervorragend lesbar und knackscharf<\/div>\n<\/li>\n<li>\n<div align=\"left\">Wo m\u00f6glich l\u00e4sst sich die Schriftgr\u00f6sse mittels mittlerer Wipptaste direkt im Text anpassen<\/div>\n<\/li>\n<li>\n<div align=\"left\">Es kann auf Querformat umgestellt werden, wobei sich auch die Tastenbelegung anpasst<\/div>\n<\/li>\n<li>\n<div align=\"left\">Tasten k\u00f6nnen individuell definiert werden<\/div>\n<\/li>\n<li>\n<div align=\"left\">Textstellen im Buch k\u00f6nnen markiert und als Lesezeichen gespeichert werden<\/div>\n<\/li>\n<\/ul>\n<p>Bis jetzt habe ich keinen einzigen negativen Punkt finden k\u00f6nnen und bin rundum zufrieden damit. Ich habe keinen Cent des investierten Preises bereut. Wer einen preiswerten, flexibel verwendbaren, kleinen und leichten eBook-Reader sucht, bewusst auf irgendwelche Touch- und WLan-Gimmicks verzichten und das Ger\u00e4t vor allem zum Lesen verwendet, der ist mit dem PocketBook Basic New sicher hervorragend bedient.<\/p>\n<p>Ich vergebe daf\u00fcr erst mal:<\/p>\n<p>KUNIS: <img decoding=\"async\" border=\"0\" hspace=\"0\" alt=\"\" align=\"baseline\" src=\"https:\/\/www.die-ritters.de\/blog\/kuni.gif\" \/><img decoding=\"async\" border=\"0\" hspace=\"0\" alt=\"\" align=\"baseline\" src=\"https:\/\/www.die-ritters.de\/blog\/kuni.gif\" \/><img decoding=\"async\" border=\"0\" hspace=\"0\" alt=\"\" align=\"baseline\" src=\"https:\/\/www.die-ritters.de\/blog\/kuni.gif\" \/><img decoding=\"async\" border=\"0\" hspace=\"0\" alt=\"\" align=\"baseline\" src=\"https:\/\/www.die-ritters.de\/blog\/kuni.gif\" \/><img decoding=\"async\" border=\"0\" hspace=\"0\" alt=\"\" align=\"baseline\" src=\"https:\/\/www.die-ritters.de\/blog\/kunihalb.gif\" \/> von 5!<\/p>\n<p>und werde eventuell hier weiter \u00fcber meine Erfahrungen berichten.<\/p>\n<p><strong><font color=\"maroon\">Nachtrag vom 5. Okt. 2012:<\/font><\/strong><\/p>\n<p>Weil die Displays der Reader relativ kratzempfindlich sind, habe ich mir eine <a title=\"direkt zum Artikel bei Amazon...\" href=\"http:\/\/michaelsonntag.net\/amzn\/huelle-pb613\" target=\"_blank\">H\u00fclle f\u00fcr mein Pocketbook<\/a> nachgekauft. Nach einiger Sucherei habe ich mich f\u00fcr eine schwarze H\u00fclle von Bralexx entschieden, die zwar nicht f\u00fcr das 613, sondern f\u00fcr das 622 beschrieben war.<\/p>\n<p align=\"center\"><img loading=\"lazy\" decoding=\"async\" alt=\"pbhuelle-zu437\" src=\"https:\/\/www.die-ritters.de\/blog\/wp-content\/uploads\/pbhuelle-zu437.jpg\" width=\"343\" height=\"452\" \/><\/p>\n<p align=\"center\">F\u00fcr <a title=\"direkt zur Seite der H\u00fclle bei Amazon...\" href=\"http:\/\/michaelsonntag.net\/amzn\/huelle-pb613\" target=\"_blank\">knapp 10 Euro<\/a> , dachte ich mir, kann ich nix falsch machen und habe bestellt, weil das 622 wohl die gleichen Aussenmasse hat, wie das 613.<\/p>\n<p>Bei Amazon konnte ich in den Bewertungen lesen, dass die H\u00fclle anscheinend ein wenig knapp in den Ausmassen sein w\u00fcrde, was sich dann beim ersten Einstecken des Pocketbook leider bewahrheitet hat. Bis die unteren Halterungen gen\u00fcgend ausgeleiert sein werden, steht es oben sogar ein ganz klein wenig raus.<\/p>\n<p>Hautpsache, der Display-Schutz ist gew\u00e4hrleistet, und das ist der Fall.<\/p>\n<p align=\"center\"><img loading=\"lazy\" decoding=\"async\" alt=\"pbhuelle-offen437\" src=\"https:\/\/www.die-ritters.de\/blog\/wp-content\/uploads\/pbhuelle-offen437.jpg\" width=\"452\" height=\"307\" \/><\/p>\n<p>Die Verarbeitung finde ich, ist f\u00fcr den Preis wirklich hervorragend. Die N\u00e4hte sind sauber, die H\u00fclle ist gut verarbeitet und der Magnetverschluss schlie\u00dft prima.<\/p>\n<p align=\"center\"><img loading=\"lazy\" decoding=\"async\" alt=\"pbhuelle-verschlussoffen437\" src=\"https:\/\/www.die-ritters.de\/blog\/wp-content\/uploads\/pbhuelle-verschlussoffen437.jpg\" width=\"452\" height=\"306\" \/><\/p>\n<p align=\"center\"><img loading=\"lazy\" decoding=\"async\" alt=\"pbhuelle-verschlusszu437\" src=\"https:\/\/www.die-ritters.de\/blog\/wp-content\/uploads\/pbhuelle-verschlusszu437.jpg\" width=\"452\" height=\"307\" \/><\/p>\n<p>&nbsp;<\/p>\n<p>Das in der Amazon-Bewertung beschriebene Problem, dass die Ein-Aus-Taste des Readers teilweise verdeckt ist, hat sich bei mir nicht bewahrheitet. Es ist knapp, aber der Schalter ist zug\u00e4nglich.<\/p>\n<p align=\"center\"><img loading=\"lazy\" decoding=\"async\" alt=\"pbhuelle-unterseite437\" src=\"https:\/\/www.die-ritters.de\/blog\/wp-content\/uploads\/pbhuelle-unterseite437.jpg\" width=\"452\" height=\"306\" \/><\/p>\n<p>Auch der USB-Anschluss l\u00e4sst sich mit ein wenig Gefummel auch mit dem Reader in der H\u00fclle stecken. Alles in allem bin ich sehr zufrieden und habe meine Entscheidung nicht bereut. Der Hersteller hat von einem auf den anderen Tag geliefert und die Frachtkosten von 0,90 \u20ac sind, wenn man bedenkt, dass auf dem wattierten Umschlag eine 1,45 \u20ac Briefmarke pappte, mehr als angemessen.<\/p>\n<p>W\u00fcnschenswert w\u00e4ren allerdings die 5 mm mehr in der H\u00f6he, damit der Reader wirklich komplett in der H\u00fclle verschwindet und dadurch auch gegen St\u00f6sse von aussen und Runterfallen gesch\u00fctzt w\u00e4re.<\/p>\n<p><strong><font color=\"red\">Nachtrag vom 12. Nov. 2012:<\/font><\/strong> Bralexx hat die H\u00f6he der H\u00fclle tats\u00e4chlich ge\u00e4ndert. Ich habe mir heute eine neue H\u00fclle bestellt und bin gespannt, ob das jetzt 5 Sterne in der Bewertung m\u00f6glich macht.<\/p>\n<blockquote>\n<p>Ich hatte mir alternativ zwischenzeitlich ein S\u00e4ckchen von Raedan bestellt. Diese H\u00fclle war leider nicht sehr gut verarbeitet und hat im Innenfutter eine Falte, die ich auch durch Ziehen nicht komplett weg bekommen habe. F\u00fcr gut 20 Euro stimmt f\u00fcr mich das Preis-Leistungsverh\u00e4ltnis auf keinen Fall.<\/p>\n<p>Zudem habe ich mit Raedan im Verlauf der Bestellabwicklung Probleme bekommen, weil die Lastschrift angeblich nicht eingezogen werden konnte, weil ich bei der Bankleitzahl angeblich einen Tippfehler gemacht haben soll. Leider sind die bei der Bestellung eingetragenen Bankdaten nach Abschicken der Bestellung nirgends mehr einsehbar und ich konnte nicht beweisen, dass ich die Daten korrekt eingetragen habe. Auch auf der Rechnung, die der Lieferung beiliegt sind die Bankdaten nicht eingetragen. Da ich die korrekte Angabe meiner Bankdaten so nicht best\u00e4tigen konnte, steht hier Aussage gegen Aussage und Raedan hat mir 8 Euro irgendwas R\u00fccklastschriftgeb\u00fchren in Rechnung gestellt, obwohl ich mir auch vorstellen k\u00f6nnte, dass dort bei der \u00dcbertragung der Daten ein Fehler passiert sein k\u00f6nnte.<\/p>\n<p>Ich jedenfalls werde mit dieser Firma sicher keine Gesch\u00e4fte mehr machen. Wegen der 8 Euro zum Anwalt zu gehen, ist mir den Aufwand nicht wert. Auch nach Telefonat mit Raedan waren die nicht bereit, mir bei den Geb\u00fchren entgegen zu kommen. Meine Bank berechnet daf\u00fcr zwischen 2 und 3 Euro. Ich schreibe das als Lehrgeld ab. Das S\u00e4ckchen habe ich weggeschmissen, damit ich mich jedes Mal \u00e4rgere, wenn ich es in die Hand nehme.<\/p>\n<p>F\u00fcr Besteller, die trotzdem bei Raedan bestellen wollen, rate ich, von den Eintragungen im Bestellformular unbedingt einen Screenshot anzufertigen und eventuell einen Zeugen hinzu zu ziehen, damit nicht das Gleiche passiert, wie bei mir.<\/p>\n<\/blockquote>\n<p>So, und jetzt freue ich mich auf die Lieferung der neuen H\u00fclle von Bralexx, die zum halben Preis des Raedan-S\u00e4ckchens zu haben ist und sogar noch faltenfrei verarbeitet ist. \ud83d\ude09<\/p>\n<p><strong><font color=\"red\">Nachtrag vom 14. Nov. 2012:<\/font><\/strong> <a title=\"direkt zur H\u00fclle bei Amazon\" href=\"http:\/\/michaelsonntag.net\/amzn\/huelle-pb613\" target=\"_blank\">die neue Bralexx-H\u00fclle <\/a> ist da! Jetzt passt sie, wie angegossen. Die H\u00fclle schlie\u00dft nun auch oben exakt mit dem Reader ab.<\/p>\n<p align=\"center\"><img loading=\"lazy\" decoding=\"async\" alt=\"neuehuelle1-437\" src=\"https:\/\/www.die-ritters.de\/blog\/wp-content\/uploads\/neuehuelle1-437.jpg\" width=\"306\" height=\"452\" \/><\/p>\n<p> Au\u00dferdem gab&#8217;s noch einige zus\u00e4tzliche Anpassungen. Im Vergleich zur alten H\u00fclle (unten liegend) sind die beiden unteren Laschen ein wenig nach au\u00dfen gewandert.<\/p>\n<p align=\"center\"><img loading=\"lazy\" decoding=\"async\" alt=\"neuehuelle2-437\" src=\"https:\/\/www.die-ritters.de\/blog\/wp-content\/uploads\/neuehuelle2-437.jpg\" width=\"452\" height=\"161\" \/><\/p>\n<p>Dadurch sind jetzt sowohl der Ein\/Ausschaltknopf, als auch der Micro-USB-Anschluss problemlos auch bei in die H\u00fclle eingelegtem Reader zug\u00e4nglich.<\/p>\n<p align=\"center\"><img loading=\"lazy\" decoding=\"async\" alt=\"neuehuelle3-437\" src=\"https:\/\/www.die-ritters.de\/blog\/wp-content\/uploads\/neuehuelle3-437.jpg\" width=\"452\" height=\"161\" \/><\/p>\n<p>Ausserdem gab&#8217;s auf der R\u00fcckseite der H\u00fclle unten noch links und rechts je drei kleine L\u00f6cher, die vermutlich f\u00fcr andere eBook-Reader wichtig und n\u00fctzlich sein werden. Vielleicht f\u00fcr Lautsprecher? Diese L\u00f6cher sind leider in nicht ganz gleichen Abst\u00e4nden gestanzt, was ein wenig unsch\u00f6n aussieht. Der Rest ist, wie bei der alten H\u00fclle auch, recht gut verarbeitet. Insgesamt ist aber jetzt alles stimmig. Ich bin froh, nochmal 10 Euro in die Hand genommen zu haben. Der Rundumschutz des Readers ist jetzt gew\u00e4hrleistet.<\/p>\n","protected":false},"excerpt":{"rendered":"<p>Mein Freund Micha testet gerade fleissig verschiedene eBook-Reader. Unter den Ger\u00e4ten war auch das PocketBook Basic New, das es derzeit zum Preis von 69 \u20ac zum Beispiel bei Libri zu kaufen gibt. Ich war bisher kein Freund von eBook-Readern, Michas &hellip; <a href=\"https:\/\/www.die-ritters.de\/blog\/pocketbook-613-basic-new-mein-neuer-ebook-reader.sturkopf\">Weiterlesen <span class=\"meta-nav\">&rarr;<\/span><\/a><\/p>\n","protected":false},"author":3,"featured_media":0,"comment_status":"open","ping_status":"open","sticky":false,"template":"","format":"standard","meta":{"footnotes":""},"categories":[4],"tags":[334,335,338,332,336,337,333,71],"class_list":["post-1139","post","type-post","status-publish","format-standard","hentry","category-angetestet","tag-334","tag-basic-new","tag-chm","tag-ebook-reader","tag-epub","tag-pdf","tag-pocketbook","tag-test"],"_links":{"self":[{"href":"https:\/\/www.die-ritters.de\/blog\/wp-json\/wp\/v2\/posts\/1139","targetHints":{"allow":["GET"]}}],"collection":[{"href":"https:\/\/www.die-ritters.de\/blog\/wp-json\/wp\/v2\/posts"}],"about":[{"href":"https:\/\/www.die-ritters.de\/blog\/wp-json\/wp\/v2\/types\/post"}],"author":[{"embeddable":true,"href":"https:\/\/www.die-ritters.de\/blog\/wp-json\/wp\/v2\/users\/3"}],"replies":[{"embeddable":true,"href":"https:\/\/www.die-ritters.de\/blog\/wp-json\/wp\/v2\/comments?post=1139"}],"version-history":[{"count":8,"href":"https:\/\/www.die-ritters.de\/blog\/wp-json\/wp\/v2\/posts\/1139\/revisions"}],"predecessor-version":[{"id":1169,"href":"https:\/\/www.die-ritters.de\/blog\/wp-json\/wp\/v2\/posts\/1139\/revisions\/1169"}],"wp:attachment":[{"href":"https:\/\/www.die-ritters.de\/blog\/wp-json\/wp\/v2\/media?parent=1139"}],"wp:term":[{"taxonomy":"category","embeddable":true,"href":"https:\/\/www.die-ritters.de\/blog\/wp-json\/wp\/v2\/categories?post=1139"},{"taxonomy":"post_tag","embeddable":true,"href":"https:\/\/www.die-ritters.de\/blog\/wp-json\/wp\/v2\/tags?post=1139"}],"curies":[{"name":"wp","href":"https:\/\/api.w.org\/{rel}","templated":true}]}}