{"id":1120,"date":"2012-05-03T21:25:45","date_gmt":"2012-05-03T19:25:45","guid":{"rendered":"http:\/\/www.die-ritters.de\/blog\/?p=1120"},"modified":"2012-05-03T21:31:52","modified_gmt":"2012-05-03T19:31:52","slug":"2012-wieder-ein-maibaum-in-fellheim","status":"publish","type":"post","link":"https:\/\/www.die-ritters.de\/blog\/2012-wieder-ein-maibaum-in-fellheim.sturkopf","title":{"rendered":"2012 wieder ein Maibaum in Fellheim"},"content":{"rendered":"<p>Sch\u00f6n! Nach 2 Jahren Pause steht in Fellheim wieder ein Maibaum. Das freut mich!<\/p>\n<p align=\"center\"><img loading=\"lazy\" decoding=\"async\" src=\"https:\/\/www.die-ritters.de\/blog\/wp-content\/uploads\/maibaum2012.jpg\" alt=\"maibaum2012\" width=\"343\" height=\"452\" \/><\/p>\n<p>Das Aufstellen wurde von der Freiwilligen Feuerwehr in Verbindung mit einem kleinen Fest bewerkstelligt. Mich pers\u00f6nlich freut, da\u00df der Maibaum jetzt auf dem Vorplatz des Feuerwehrger\u00e4tehauses, unmittelbar vor dem Eingang zum Schloss seinen neuen Standplatz gefunden hat.<\/p>\n<p>Ich bin sicher die Bewohner des dort untergebrachten Alten- und Pflegeheims, die mit gefeiert haben, wird&#8217;s auch sehr gefreut haben.<\/p>\n<p>Es gab Leberk\u00e4s und Getr\u00e4nke und die Musik hat aufgespielt. Gef\u00fchlt war das halbe Dorf da und die Stimmung war pr\u00e4chtig. Sch\u00f6n ist er geworden, gell?<\/p>\n","protected":false},"excerpt":{"rendered":"<p>Sch\u00f6n! Nach 2 Jahren Pause steht in Fellheim wieder ein Maibaum. Das freut mich! Das Aufstellen wurde von der Freiwilligen Feuerwehr in Verbindung mit einem kleinen Fest bewerkstelligt. Mich pers\u00f6nlich freut, da\u00df der Maibaum jetzt auf dem Vorplatz des Feuerwehrger\u00e4tehauses, &hellip; <a href=\"https:\/\/www.die-ritters.de\/blog\/2012-wieder-ein-maibaum-in-fellheim.sturkopf\">Weiterlesen <span class=\"meta-nav\">&rarr;<\/span><\/a><\/p>\n","protected":false},"author":3,"featured_media":0,"comment_status":"open","ping_status":"open","sticky":false,"template":"","format":"standard","meta":{"footnotes":""},"categories":[1],"tags":[320,23,322,321],"class_list":["post-1120","post","type-post","status-publish","format-standard","hentry","category-allgemein","tag-brauchtum","tag-fellheim","tag-maibaum","tag-vereine"],"_links":{"self":[{"href":"https:\/\/www.die-ritters.de\/blog\/wp-json\/wp\/v2\/posts\/1120","targetHints":{"allow":["GET"]}}],"collection":[{"href":"https:\/\/www.die-ritters.de\/blog\/wp-json\/wp\/v2\/posts"}],"about":[{"href":"https:\/\/www.die-ritters.de\/blog\/wp-json\/wp\/v2\/types\/post"}],"author":[{"embeddable":true,"href":"https:\/\/www.die-ritters.de\/blog\/wp-json\/wp\/v2\/users\/3"}],"replies":[{"embeddable":true,"href":"https:\/\/www.die-ritters.de\/blog\/wp-json\/wp\/v2\/comments?post=1120"}],"version-history":[{"count":3,"href":"https:\/\/www.die-ritters.de\/blog\/wp-json\/wp\/v2\/posts\/1120\/revisions"}],"predecessor-version":[{"id":1123,"href":"https:\/\/www.die-ritters.de\/blog\/wp-json\/wp\/v2\/posts\/1120\/revisions\/1123"}],"wp:attachment":[{"href":"https:\/\/www.die-ritters.de\/blog\/wp-json\/wp\/v2\/media?parent=1120"}],"wp:term":[{"taxonomy":"category","embeddable":true,"href":"https:\/\/www.die-ritters.de\/blog\/wp-json\/wp\/v2\/categories?post=1120"},{"taxonomy":"post_tag","embeddable":true,"href":"https:\/\/www.die-ritters.de\/blog\/wp-json\/wp\/v2\/tags?post=1120"}],"curies":[{"name":"wp","href":"https:\/\/api.w.org\/{rel}","templated":true}]}}