{"id":1048,"date":"2011-04-16T22:39:11","date_gmt":"2011-04-16T20:39:11","guid":{"rendered":"http:\/\/www.die-ritters.de\/blog\/monochromix-die-zweite.sturkopf"},"modified":"2011-05-17T10:31:06","modified_gmt":"2011-05-17T08:31:06","slug":"monochromix-schwarz-weis-umwandlung-die-zweite","status":"publish","type":"post","link":"https:\/\/www.die-ritters.de\/blog\/monochromix-schwarz-weis-umwandlung-die-zweite.sturkopf","title":{"rendered":"MonochromiX Schwarz-Wei\u00df-Umwandlung die Zweite"},"content":{"rendered":"<p><strong>Die Spannung steigt! Joachim Koopmann hat sein MonochromiX, das als Extra innerhalb von FixFoto lief, extrem weiterentwickelt. MonochromiX 2.0 wird als eigenst\u00e4ndiges Programm zur Konvertierung von Farbfotos in Schwarz-Wei\u00df in K\u00fcrze auf den Markt kommen. Das Programm befindet sich inzwischen im \u00f6ffentlichen Betatest und kann von angemeldeten Forumsnutzern des<\/strong> <a title=\"Zum FixFoto Support-Forum\" href=\"http:\/\/www.ffsf.de\" target=\"_blank\"><strong>FixFoto-Support-Forum<\/strong><\/a> <strong>getestet werden.<\/strong><\/p>\n<p><strong>Edit (16. Mai 2011):<\/strong> Der Betatest ist abgeschlossen, <a title=\"Direkt zur MonochromiX 2.0-Seite\" href=\"http:\/\/mx.j-k-s.com\/\" target=\"_blank\">das Programm<\/a> ist jetzt released und bestell- und downloadbar.<\/p>\n<p align=\"center\"><img loading=\"lazy\" decoding=\"async\" alt=\"monochromix-titelbild-klein\" src=\"https:\/\/www.die-ritters.de\/blog\/wp-content\/uploads\/monochromix-titelbild-klein.jpg\" width=\"640\" height=\"523\" \/><\/p>\n<p>Selbstverst\u00e4ndlich ist eine \u00dcbergabe von Bildern aus FixFoto zum B&amp;W-Tool MonochromiX 2.0 und umgekehrt integriert. Das jeweilige 2. Programm \u00f6ffnet sich bei der \u00dcbergabe der Daten automatisch. Das Wichtigste aber: MonochromiX 2.0 wird vollst\u00e4ndig im 16bit-Modus arbeiten. So werden auch feinste Verl\u00e4ufe exakt und stufenlos dargestellt. Alle g\u00e4ngigen RAW-Dateien und auch 16bit-Tiffs lassen sich direkt in MonochromiX laden und verarbeiten.<\/p>\n<p><!--more--><\/p>\n<p>Aus FixFoto ist MonochromiX 2.0 sowohl von der Arbeitsfl\u00e4che aus, als auch aus der Computeransicht direkt aufrufbar und das jeweilige Bild wird \u00fcbergeben und in Schwarz-Wei\u00df gewandelt.<\/p>\n<p>Der Clou aber ist die \u00dcbergabe von RAW-Dateien direkt aus dem FixFoto RAW-Entwicklungsdialog. So k\u00f6nnen alle in diesem Dialog integrierten Korrekturfunktionen wie Spitzlichtrestaurierung, Kontrast- und Helligkeits\u00e4nderungen durchgef\u00fchrt und ein optimiertes RAW-Bild an MonochromiX 2.0 \u00fcbergeben werden.<\/p>\n<p align=\"center\"><img loading=\"lazy\" decoding=\"async\" alt=\"raw-dialog\" src=\"https:\/\/www.die-ritters.de\/blog\/wp-content\/uploads\/raw-dialog.jpg\" width=\"500\" height=\"435\" \/><\/p>\n<p>In MonochromiX 2.0 selbst k\u00f6nnen dann alle Anpassungen, die schon von der in FixFoto integrierten Version 1.4 bekannt sind, in noch h\u00f6herer Qualit\u00e4t und h\u00f6chstm\u00f6glicher Aufl\u00f6sung vorgenommen werden. Alle Funktionen wurden optimiert. Vor allem der partiellen Helligkeitsregelung wurden zus\u00e4tzliche Regler f\u00fcr nochmals feinere Einstellung spendiert. Auch die Filmkorn-Funktion, die in der Version 1.4 schon sehr gut funktionierte, wurde nochmals optimiert und die Kornverteilung verfeinert.<\/p>\n<p align=\"center\"><img loading=\"lazy\" decoding=\"async\" alt=\"mcx\" src=\"https:\/\/www.die-ritters.de\/blog\/wp-content\/uploads\/mcx.png\" width=\"500\" height=\"446\" \/><\/p>\n<p>Die im Bild abgedockten Dialoge lassen sich beliebig verschieben, gruppieren und als Tabs andocken. Filmprofile aller g\u00e4ngigen Schwarzwei\u00dffilme sind genau so wieder integriert, wie die M\u00f6glichkeit zu filtern. Beim Filtern lassen sich jetzt zus\u00e4tzlich untere und obere Filtergrenze manuell festlegen. Im Kontrast-Dialog ist die M\u00f6glichkeit eines Histogrammausgleichs dazu gekommen, die eine nochmals viel feinere Umsetzung nach Schwarz-Wei\u00df erm\u00f6glicht.<\/p>\n<p>Meiner Ansicht nach wird das ein gro\u00dfer Wurf, der auch professionelle Anspr\u00fcche f\u00fcr die Umwandlung von Farbdateien in Schwarz-Wei\u00df Halbtonbilder voll erf\u00fcllen wird. Das Sch\u00f6nste daran ist, da\u00df f\u00fcr MonochromiX 1.4-Anwender ein \u00e4u\u00dferst preiswertes Update m\u00f6glich sein wird und MonochromiX 2.0 f\u00fcr neue Benutzer nicht mehr kosten soll, als die bekannte Version 1.4. MonochromiX wird, wie FixFoto auch, jeweils in einer Version f\u00fcr Windows 64bit-Systeme und einer f\u00fcr 32bit-Systeme zur Verf\u00fcgung stehen und unterst\u00fctzen Multi-Core-Prozessoren.<\/p>\n","protected":false},"excerpt":{"rendered":"<p>Die Spannung steigt! Joachim Koopmann hat sein MonochromiX, das als Extra innerhalb von FixFoto lief, extrem weiterentwickelt. MonochromiX 2.0 wird als eigenst\u00e4ndiges Programm zur Konvertierung von Farbfotos in Schwarz-Wei\u00df in K\u00fcrze auf den Markt kommen. Das Programm befindet sich inzwischen &hellip; <a href=\"https:\/\/www.die-ritters.de\/blog\/monochromix-schwarz-weis-umwandlung-die-zweite.sturkopf\">Weiterlesen <span class=\"meta-nav\">&rarr;<\/span><\/a><\/p>\n","protected":false},"author":3,"featured_media":0,"comment_status":"open","ping_status":"open","sticky":false,"template":"","format":"standard","meta":{"footnotes":""},"categories":[4],"tags":[298,297,17,296,295,49,30,293,294],"class_list":["post-1048","post","type-post","status-publish","format-standard","hentry","category-angetestet","tag-16bit","tag-filmprofil","tag-fixfoto","tag-graustufen","tag-konvertierung","tag-monochromix","tag-raw","tag-schwarz-weis-filme","tag-umwandlung"],"_links":{"self":[{"href":"https:\/\/www.die-ritters.de\/blog\/wp-json\/wp\/v2\/posts\/1048","targetHints":{"allow":["GET"]}}],"collection":[{"href":"https:\/\/www.die-ritters.de\/blog\/wp-json\/wp\/v2\/posts"}],"about":[{"href":"https:\/\/www.die-ritters.de\/blog\/wp-json\/wp\/v2\/types\/post"}],"author":[{"embeddable":true,"href":"https:\/\/www.die-ritters.de\/blog\/wp-json\/wp\/v2\/users\/3"}],"replies":[{"embeddable":true,"href":"https:\/\/www.die-ritters.de\/blog\/wp-json\/wp\/v2\/comments?post=1048"}],"version-history":[{"count":4,"href":"https:\/\/www.die-ritters.de\/blog\/wp-json\/wp\/v2\/posts\/1048\/revisions"}],"predecessor-version":[{"id":1055,"href":"https:\/\/www.die-ritters.de\/blog\/wp-json\/wp\/v2\/posts\/1048\/revisions\/1055"}],"wp:attachment":[{"href":"https:\/\/www.die-ritters.de\/blog\/wp-json\/wp\/v2\/media?parent=1048"}],"wp:term":[{"taxonomy":"category","embeddable":true,"href":"https:\/\/www.die-ritters.de\/blog\/wp-json\/wp\/v2\/categories?post=1048"},{"taxonomy":"post_tag","embeddable":true,"href":"https:\/\/www.die-ritters.de\/blog\/wp-json\/wp\/v2\/tags?post=1048"}],"curies":[{"name":"wp","href":"https:\/\/api.w.org\/{rel}","templated":true}]}}