{"id":1037,"date":"2011-01-23T19:16:40","date_gmt":"2011-01-23T18:16:40","guid":{"rendered":"http:\/\/www.die-ritters.de\/blog\/willy-astor-jetzt-mit-allen-freunden.sturkopf"},"modified":"2011-01-24T12:08:23","modified_gmt":"2011-01-24T11:08:23","slug":"willy-astor-jetzt-mit-allen-freunden","status":"publish","type":"post","link":"https:\/\/www.die-ritters.de\/blog\/willy-astor-jetzt-mit-allen-freunden.sturkopf","title":{"rendered":"Willy Astor, jetzt mit allen Freunden!"},"content":{"rendered":"<p><strong>Fast ein Jahr hat&#8217;s gedauert, bis ich, auch diesmal in Begleitung von Steffi, jetzt wieder die Gelegenheit hatte, Willy Astor mit Freunden und deren <a title=\"Direkt zur offiziellen Homepage von Willy Astor\" href=\"http:\/\/www.willy-astor.de\/soundofisland.html\" target=\"_blank\">&#8222;Sound of Island&#8220;<\/a>-Tourne zu besuchen. In Biberach hatte Kiko Pedrozo krankheitsbedingt gefehlt, diesmal in der Kemptener &#8222;Kultbox&#8220; war er wieder mit von der Partie!<\/strong><\/p>\n<p align=\"center\"><img loading=\"lazy\" decoding=\"async\" height=\"190\" alt=\"pano\" src=\"https:\/\/www.die-ritters.de\/blog\/wp-content\/uploads\/pano.jpg\" width=\"452\" \/><\/p>\n<p>In famili\u00e4rer Atmosph\u00e4re in der bis auf den letzten Platz ausverkauften Kultbox in Kempten trafen wir auf diesmal 4 geniale Musiker, die locker drauf waren und denen das Musizieren sichtbar immens viel Spa\u00df gemacht hat. Um Acht ging&#8217;s los, um Viertel nach Elf war&#8217;s dann leider, f\u00fcr mich viel zu schnell, nach einigen Zugaben zu Ende.<\/p>\n<p align=\"center\"><img loading=\"lazy\" decoding=\"async\" height=\"452\" alt=\"img 1127-224404blog\" src=\"https:\/\/www.die-ritters.de\/blog\/wp-content\/uploads\/img_1127-224404blog.jpg\" width=\"342\" \/><\/p>\n<p><a title=\"Die Homepage von Martin K\u00e4lberer\" href=\"http:\/\/www.martinmusic.de\" target=\"_blank\">Martin K\u00e4lberer<\/a> spielt massig Instrumente in hammerm\u00e4\u00dfiger Qualit\u00e4t und Pointierung &#8211; immer wieder beeindruckend das Hang, oder wie von Willy Astor angek\u00fcndigt, &#8222;die Jetta-Radkappe&#8220;&#8230; Man w\u00fcrde es eher Asien zuordnen, es kommt aber aus der Schweiz.<\/p>\n<p align=\"center\"><img loading=\"lazy\" decoding=\"async\" height=\"452\" alt=\"img 1134-233102blog\" src=\"https:\/\/www.die-ritters.de\/blog\/wp-content\/uploads\/img_1134-233102blog.jpg\" width=\"343\" \/><\/p>\n<p><a title=\"Die offizielle Homepage von Willy Astor\" href=\"http:\/\/www.willy-astor.de\">Willy Astor<\/a>, Gitarrist der Spitzenklasse f\u00fchrte wieder launig und bestens aufgelegt durch&#8217;s Programm.<\/p>\n<p align=\"center\"><img loading=\"lazy\" decoding=\"async\" height=\"452\" alt=\"img 1131-230453blog\" src=\"https:\/\/www.die-ritters.de\/blog\/wp-content\/uploads\/img_1131-230453blog.jpg\" width=\"342\" \/><\/p>\n<p>Titus Vollmer &#8211; bei ihm sieht das alles so leicht und locker aus, er beherrscht seine Instrumente so au\u00dfergew\u00f6hnlich gut, da\u00df ich jetzt noch G\u00e4nsehaut kriege, wenn ich dran denke. Von ihm habe ich leider keine Homepage zum Verlinken gefunden.<\/p>\n<p align=\"center\"><img loading=\"lazy\" decoding=\"async\" height=\"452\" alt=\"img 1129-225550blog\" src=\"https:\/\/www.die-ritters.de\/blog\/wp-content\/uploads\/img_1129-225550blog.jpg\" width=\"343\" \/><\/p>\n<p><a title=\"Die Homepage von Kiko Pedrozo\" href=\"http:\/\/www.kiko-pedrozo.de\/\" target=\"_blank\">Kiko Pedrozo<\/a>, auf den wir ja beim letzten Konzert leider verzichten mu\u00dften, an Volksharfe und diversen weiteren Zupf- und Schlaginstrumenten. Ein Gedicht, ihm zuzuh\u00f6ren. Seine Improvisation an der Harfe werde ich so schnell nicht vergessen.<\/p>\n<p>Alle vier zu h\u00f6ren, und das noch in akustischer Spitzenqualit\u00e4t (der Tonmann versteht sein Handwerk perfekt), war ein Erlebnis der Sonderklasse, das nur<\/p>\n<p>KUNIS: <img decoding=\"async\" alt=\"\" hspace=\"0\" src=\"https:\/\/www.die-ritters.de\/blog\/kuni.gif\" align=\"baseline\" border=\"0\" \/><img decoding=\"async\" alt=\"\" hspace=\"0\" src=\"https:\/\/www.die-ritters.de\/blog\/kuni.gif\" align=\"baseline\" border=\"0\" \/><img decoding=\"async\" alt=\"\" hspace=\"0\" src=\"https:\/\/www.die-ritters.de\/blog\/kuni.gif\" align=\"baseline\" border=\"0\" \/><img decoding=\"async\" alt=\"\" hspace=\"0\" src=\"https:\/\/www.die-ritters.de\/blog\/kuni.gif\" align=\"baseline\" border=\"0\" \/><img decoding=\"async\" alt=\"\" hspace=\"0\" src=\"https:\/\/www.die-ritters.de\/blog\/kuni.gif\" align=\"baseline\" border=\"0\" \/> von 5 geben kann!<\/p>\n<p>Ich bedanke mich f\u00fcr den tollen Abend, der mir sicher als Highlight in Erinnerung bleiben wird. Die Sound-of-Island-DVD, die ich mir von allen Vieren signieren lie\u00df, wird einen Ehrenplatz bekommen. Auch ein durchaus erw\u00e4hnenswerter Umstand war die pers\u00f6nliche Anwesenheit aller vier Musiker w\u00e4hrend der Pause, in der sie gut gelaunt und \u00e4u\u00dferst sympathisch den Fragen der Zuschauer Rede und Antwort standen und signiert haben.<\/p>\n<p>Wer die Gelegenheit hat, diese Vier live zu sehen, sollte die Gelegenheit schnell beim Schopf packen. Dieses Konzert ist jeden Cent mehr als 4fach wert. Es war sicher nicht das letzte Mal, da\u00df ich mir diesen Genuss gegeben habe.<\/p>\n","protected":false},"excerpt":{"rendered":"<p>Fast ein Jahr hat&#8217;s gedauert, bis ich, auch diesmal in Begleitung von Steffi, jetzt wieder die Gelegenheit hatte, Willy Astor mit Freunden und deren &#8222;Sound of Island&#8220;-Tourne zu besuchen. In Biberach hatte Kiko Pedrozo krankheitsbedingt gefehlt, diesmal in der Kemptener &hellip; <a href=\"https:\/\/www.die-ritters.de\/blog\/willy-astor-jetzt-mit-allen-freunden.sturkopf\">Weiterlesen <span class=\"meta-nav\">&rarr;<\/span><\/a><\/p>\n","protected":false},"author":3,"featured_media":0,"comment_status":"open","ping_status":"open","sticky":false,"template":"","format":"standard","meta":{"footnotes":""},"categories":[1],"tags":[246,286,245,247,202,243,244,242],"class_list":["post-1037","post","type-post","status-publish","format-standard","hentry","category-allgemein","tag-gitarre","tag-harfe","tag-kiko-pedrozo","tag-klavier","tag-konzert","tag-martin-kaelberer","tag-titus-vollmer","tag-willy-astor"],"_links":{"self":[{"href":"https:\/\/www.die-ritters.de\/blog\/wp-json\/wp\/v2\/posts\/1037","targetHints":{"allow":["GET"]}}],"collection":[{"href":"https:\/\/www.die-ritters.de\/blog\/wp-json\/wp\/v2\/posts"}],"about":[{"href":"https:\/\/www.die-ritters.de\/blog\/wp-json\/wp\/v2\/types\/post"}],"author":[{"embeddable":true,"href":"https:\/\/www.die-ritters.de\/blog\/wp-json\/wp\/v2\/users\/3"}],"replies":[{"embeddable":true,"href":"https:\/\/www.die-ritters.de\/blog\/wp-json\/wp\/v2\/comments?post=1037"}],"version-history":[{"count":1,"href":"https:\/\/www.die-ritters.de\/blog\/wp-json\/wp\/v2\/posts\/1037\/revisions"}],"predecessor-version":[{"id":1039,"href":"https:\/\/www.die-ritters.de\/blog\/wp-json\/wp\/v2\/posts\/1037\/revisions\/1039"}],"wp:attachment":[{"href":"https:\/\/www.die-ritters.de\/blog\/wp-json\/wp\/v2\/media?parent=1037"}],"wp:term":[{"taxonomy":"category","embeddable":true,"href":"https:\/\/www.die-ritters.de\/blog\/wp-json\/wp\/v2\/categories?post=1037"},{"taxonomy":"post_tag","embeddable":true,"href":"https:\/\/www.die-ritters.de\/blog\/wp-json\/wp\/v2\/tags?post=1037"}],"curies":[{"name":"wp","href":"https:\/\/api.w.org\/{rel}","templated":true}]}}