{"id":1020,"date":"2010-10-10T21:32:16","date_gmt":"2010-10-10T19:32:16","guid":{"rendered":"http:\/\/www.die-ritters.de\/blog\/kalenderprojekt-2011-gesichter-des-waldes.sturkopf"},"modified":"2010-10-10T21:32:16","modified_gmt":"2010-10-10T19:32:16","slug":"kalenderprojekt-2011-gesichter-des-waldes","status":"publish","type":"post","link":"https:\/\/www.die-ritters.de\/blog\/kalenderprojekt-2011-gesichter-des-waldes.sturkopf","title":{"rendered":"Kalenderprojekt 2011 &#8211; Gesichter des Waldes"},"content":{"rendered":"<p><strong>Dieses Wochenende war ich wieder mal mit meinem Freund Uwe auf Fototour. Diesmal hatten wir uns noch einmal den &#8222;Urwald Sababurg&#8220; vorgekn\u00f6pft, ein kleines St\u00fcck naturbelassenen Waldes im Reinhardswald, n\u00f6rdlich von Kassel, ganz in der N\u00e4he der Sababurg. <\/strong><\/p>\n<p align=\"center\"><img loading=\"lazy\" decoding=\"async\" height=\"367\" alt=\"blogtitel\" src=\"https:\/\/www.die-ritters.de\/blog\/wp-content\/uploads\/blogtitel.jpg\" width=\"452\" \/><\/p>\n<p>Dort hatten wir schon vor zwei Jahren im Fr\u00fchjahr mal fotografiert und uns vorgenommen, im Herbst nochmal wieder zu kommen. Aus den entstandenen Bildern werde ich f\u00fcr 2011 den Kalender gestalten und die &#8222;Gesichter des Waldes&#8220; in allen Facetten zeigen. Teils werde ich den Titel w\u00f6rtlich nehmen, wie auf dem obigen Bild, teils die verschiedenen Gesichter im \u00fcbertragenen Sinn verarbeiten.<\/p>\n<p>Schauen wir mal, was daraus wird. Bis der Kalender steht, wird noch eine ganze Menge Bearbeitung und Selektion n\u00f6tig sein. Sch\u00f6n war&#8217;s auf jeden Fall, wieder mal mit Uwe unterwegs gewesen zu sein. Vielleicht f\u00fcge ich in den n\u00e4chsten Tagen noch ein paar Bilder zum Anf\u00fcttern bei. <\/p>\n","protected":false},"excerpt":{"rendered":"<p>Dieses Wochenende war ich wieder mal mit meinem Freund Uwe auf Fototour. Diesmal hatten wir uns noch einmal den &#8222;Urwald Sababurg&#8220; vorgekn\u00f6pft, ein kleines St\u00fcck naturbelassenen Waldes im Reinhardswald, n\u00f6rdlich von Kassel, ganz in der N\u00e4he der Sababurg. Dort hatten &hellip; <a href=\"https:\/\/www.die-ritters.de\/blog\/kalenderprojekt-2011-gesichter-des-waldes.sturkopf\">Weiterlesen <span class=\"meta-nav\">&rarr;<\/span><\/a><\/p>\n","protected":false},"author":3,"featured_media":0,"comment_status":"open","ping_status":"open","sticky":false,"template":"","format":"standard","meta":{"footnotes":""},"categories":[36],"tags":[284,169,283,282,281],"class_list":["post-1020","post","type-post","status-publish","format-standard","hentry","category-reiseberichte","tag-baum","tag-fotos","tag-naturfoto","tag-sababurg","tag-urwald"],"_links":{"self":[{"href":"https:\/\/www.die-ritters.de\/blog\/wp-json\/wp\/v2\/posts\/1020","targetHints":{"allow":["GET"]}}],"collection":[{"href":"https:\/\/www.die-ritters.de\/blog\/wp-json\/wp\/v2\/posts"}],"about":[{"href":"https:\/\/www.die-ritters.de\/blog\/wp-json\/wp\/v2\/types\/post"}],"author":[{"embeddable":true,"href":"https:\/\/www.die-ritters.de\/blog\/wp-json\/wp\/v2\/users\/3"}],"replies":[{"embeddable":true,"href":"https:\/\/www.die-ritters.de\/blog\/wp-json\/wp\/v2\/comments?post=1020"}],"version-history":[{"count":0,"href":"https:\/\/www.die-ritters.de\/blog\/wp-json\/wp\/v2\/posts\/1020\/revisions"}],"wp:attachment":[{"href":"https:\/\/www.die-ritters.de\/blog\/wp-json\/wp\/v2\/media?parent=1020"}],"wp:term":[{"taxonomy":"category","embeddable":true,"href":"https:\/\/www.die-ritters.de\/blog\/wp-json\/wp\/v2\/categories?post=1020"},{"taxonomy":"post_tag","embeddable":true,"href":"https:\/\/www.die-ritters.de\/blog\/wp-json\/wp\/v2\/tags?post=1020"}],"curies":[{"name":"wp","href":"https:\/\/api.w.org\/{rel}","templated":true}]}}