{"id":1018,"date":"2010-10-03T16:48:37","date_gmt":"2010-10-03T14:48:37","guid":{"rendered":"http:\/\/www.die-ritters.de\/blog\/dreschfescht-z-fella.sturkopf"},"modified":"2012-05-03T21:35:49","modified_gmt":"2012-05-03T19:35:49","slug":"dreschfescht-z-fella","status":"publish","type":"post","link":"https:\/\/www.die-ritters.de\/blog\/dreschfescht-z-fella.sturkopf","title":{"rendered":"Dreschfescht z&#8216; Fella"},"content":{"rendered":"<p><strong>Ein Wort, das in zwei Silben zwei &#8222;sch&#8220; beinhaltet &#8211; oder auf gut Deutsch: Das Dreschfest 2010 in Fellheim an der Iller. Ein sch\u00f6nes Fest f\u00fcr Jung und Alt auf einer Wiese am Fellheimer Ortsrand veranstaltet, sorgte am heutigen Sonntag Nachmittag f\u00fcr Kurzweil.<\/strong><\/p>\n<p align=\"center\"><img loading=\"lazy\" decoding=\"async\" src=\"https:\/\/www.die-ritters.de\/blog\/wp-content\/uploads\/dreschfescht1.jpg\" alt=\"dreschfescht1\" width=\"452\" height=\"342\" \/><\/p>\n<p>Das d\u00f6rfliche Vereinsleben und das Dorfleben \u00fcberhaupt funktioniert hier gottseidank noch sehr gut. Die Illertaler Jugendkapelle hat aufgespielt, f\u00fcr&#8217;s leibliche Wohl gab&#8217;s bodenst\u00e4ndig b\u00e4uerliche Kost wie Kartoffeln mit Milch und sauren K\u00e4se. Nachmittags wurden Kaffee und selbst gebackener Kuchen angeboten.<\/p>\n<p>Viele Landmaschinen-Oldtimer waren zu sehen und wurden auch praktisch vorgef\u00fchrt.<\/p>\n<p><!--more--><\/p>\n<p align=\"center\"><img loading=\"lazy\" decoding=\"async\" src=\"https:\/\/www.die-ritters.de\/blog\/wp-content\/uploads\/dreschfescht2.jpg\" alt=\"dreschfescht2\" width=\"452\" height=\"343\" \/><\/p>\n<p>Bei vielen Traktoren und Ger\u00e4ten habe ich mich an meine Kindheit erinnert, in der ich, in einem kleinen Dorf aufgewachsen, auf vielen &#8222;Bulldogs&#8220; sitzen und mitfahren durfte.<\/p>\n<p align=\"center\"><img loading=\"lazy\" decoding=\"async\" src=\"https:\/\/www.die-ritters.de\/blog\/wp-content\/uploads\/dreschfescht3.jpg\" alt=\"dreschfescht3\" width=\"452\" height=\"343\" \/><\/p>\n<p>Viele Arbeiten, wie hier das Binden der \u00c4hrenb\u00fcndel habe ich selbst als Kind oft miterlebt. An den Geruch von frisch Gedroschenem und den nach Getreide riechenden Staub werde ich mich wohl immer wieder erinnern.<\/p>\n<p align=\"center\"><img loading=\"lazy\" decoding=\"async\" src=\"https:\/\/www.die-ritters.de\/blog\/wp-content\/uploads\/dreschfescht4.jpg\" alt=\"dreschfescht4\" width=\"452\" height=\"343\" \/><\/p>\n<p>Vorbereitung zur Ger\u00e4tevorf\u00fchrung.<\/p>\n<p align=\"center\"><img loading=\"lazy\" decoding=\"async\" src=\"https:\/\/www.die-ritters.de\/blog\/wp-content\/uploads\/dreschfescht5.jpg\" alt=\"dreschfescht5\" width=\"452\" height=\"343\" \/><\/p>\n<p>und der &#8222;Heigabeler&#8220; in Aktion.<\/p>\n<p align=\"center\"><img loading=\"lazy\" decoding=\"async\" src=\"https:\/\/www.die-ritters.de\/blog\/wp-content\/uploads\/dreschfescht6.jpg\" alt=\"dreschfescht6\" width=\"343\" height=\"452\" \/><\/p>\n<p>Da wurden Erinnerungen an meine Kinderzeit erst richtig wach. Der Nachbar meines Onkels hatte einen Lanz Bulldog, bei dessen Startritual ich oft zusehen konnte. Erst vorbereiten &#8211; Das Lenkrad dient sp\u00e4ter zum Anwerfen.<\/p>\n<p align=\"center\"><img loading=\"lazy\" decoding=\"async\" src=\"https:\/\/www.die-ritters.de\/blog\/wp-content\/uploads\/dreschfescht7.jpg\" alt=\"dreschfescht7\" width=\"343\" height=\"452\" \/><\/p>\n<p>Dann vorgl\u00fchen mit der L\u00f6tlampe. und nach 5 bis 10 Minuten war es dann soweit:<\/p>\n<p align=\"center\"><img loading=\"lazy\" decoding=\"async\" src=\"https:\/\/www.die-ritters.de\/blog\/wp-content\/uploads\/dreschfescht7a.jpg\" alt=\"dreschfescht7a\" width=\"342\" height=\"452\" \/><\/p>\n<p>Anwerfen. Das Ger\u00e4usch, das ein laufender Bulldog verursacht ist einmalig und bringt G\u00e4nsehaut.<\/p>\n<p align=\"center\"><img loading=\"lazy\" decoding=\"async\" src=\"https:\/\/www.die-ritters.de\/blog\/wp-content\/uploads\/dreschfescht8.jpg\" alt=\"dreschfescht8\" width=\"452\" height=\"343\" \/><\/p>\n<p>Neben Dreschmaschinen, M\u00e4hdreschern und Traktoren gab&#8217;s auch noch viele andere landwirtschaftliche Ger\u00e4te zu bewundern, wie hier im Bild S\u00e4hmaschinen und Pfl\u00fcge.<\/p>\n<p align=\"center\"><img loading=\"lazy\" decoding=\"async\" src=\"https:\/\/www.die-ritters.de\/blog\/wp-content\/uploads\/dreschfescht9.jpg\" alt=\"dreschfescht9\" width=\"452\" height=\"343\" \/><\/p>\n<p>F\u00fcr Gro\u00df und Klein ein rundum gelungenes Fest, zu dem man nur gratulieren kann. Ich danke allen, die sich eine solche M\u00fche gemacht haben und freue mich schon auf&#8217;s n\u00e4chste Jahr&#8230;<\/p>\n","protected":false},"excerpt":{"rendered":"<p>Ein Wort, das in zwei Silben zwei &#8222;sch&#8220; beinhaltet &#8211; oder auf gut Deutsch: Das Dreschfest 2010 in Fellheim an der Iller. Ein sch\u00f6nes Fest f\u00fcr Jung und Alt auf einer Wiese am Fellheimer Ortsrand veranstaltet, sorgte am heutigen Sonntag &hellip; <a href=\"https:\/\/www.die-ritters.de\/blog\/dreschfescht-z-fella.sturkopf\">Weiterlesen <span class=\"meta-nav\">&rarr;<\/span><\/a><\/p>\n","protected":false},"author":3,"featured_media":0,"comment_status":"open","ping_status":"open","sticky":false,"template":"","format":"standard","meta":{"footnotes":""},"categories":[1],"tags":[320,279,278,280,23,321],"class_list":["post-1018","post","type-post","status-publish","format-standard","hentry","category-allgemein","tag-brauchtum","tag-bulldog","tag-dreschfest","tag-dreschmaschine","tag-fellheim","tag-vereine"],"_links":{"self":[{"href":"https:\/\/www.die-ritters.de\/blog\/wp-json\/wp\/v2\/posts\/1018","targetHints":{"allow":["GET"]}}],"collection":[{"href":"https:\/\/www.die-ritters.de\/blog\/wp-json\/wp\/v2\/posts"}],"about":[{"href":"https:\/\/www.die-ritters.de\/blog\/wp-json\/wp\/v2\/types\/post"}],"author":[{"embeddable":true,"href":"https:\/\/www.die-ritters.de\/blog\/wp-json\/wp\/v2\/users\/3"}],"replies":[{"embeddable":true,"href":"https:\/\/www.die-ritters.de\/blog\/wp-json\/wp\/v2\/comments?post=1018"}],"version-history":[{"count":1,"href":"https:\/\/www.die-ritters.de\/blog\/wp-json\/wp\/v2\/posts\/1018\/revisions"}],"predecessor-version":[{"id":1127,"href":"https:\/\/www.die-ritters.de\/blog\/wp-json\/wp\/v2\/posts\/1018\/revisions\/1127"}],"wp:attachment":[{"href":"https:\/\/www.die-ritters.de\/blog\/wp-json\/wp\/v2\/media?parent=1018"}],"wp:term":[{"taxonomy":"category","embeddable":true,"href":"https:\/\/www.die-ritters.de\/blog\/wp-json\/wp\/v2\/categories?post=1018"},{"taxonomy":"post_tag","embeddable":true,"href":"https:\/\/www.die-ritters.de\/blog\/wp-json\/wp\/v2\/tags?post=1018"}],"curies":[{"name":"wp","href":"https:\/\/api.w.org\/{rel}","templated":true}]}}