{"id":2,"count":30,"description":"Hier werde ich in Zukunft alles zusammentragen, was mich besch\u00e4ftigt. Dinge, die mir auffallen, oder \u00fcber die ich mir Gedanken mache, sollen hier ihren Platz bekommen. Vielleicht ist auch f\u00fcr den einen oder anderen Besucher mal ein fruchtbarer Tipp oder eine Anregung zum Nachdenken dabei.","link":"https:\/\/www.die-ritters.de\/blog\/kategorie\/gedanken","name":"Gedanken","slug":"gedanken","taxonomy":"category","parent":0,"meta":[],"_links":{"self":[{"href":"https:\/\/www.die-ritters.de\/blog\/wp-json\/wp\/v2\/categories\/2","targetHints":{"allow":["GET"]}}],"collection":[{"href":"https:\/\/www.die-ritters.de\/blog\/wp-json\/wp\/v2\/categories"}],"about":[{"href":"https:\/\/www.die-ritters.de\/blog\/wp-json\/wp\/v2\/taxonomies\/category"}],"wp:post_type":[{"href":"https:\/\/www.die-ritters.de\/blog\/wp-json\/wp\/v2\/posts?categories=2"}],"curies":[{"name":"wp","href":"https:\/\/api.w.org\/{rel}","templated":true}]}}